{"id":5344,"date":"2015-06-22T15:29:56","date_gmt":"2015-06-22T13:29:56","guid":{"rendered":"https:\/\/www.sibuscascoche.com\/noticias\/?p=5344"},"modified":"2015-07-23T13:02:40","modified_gmt":"2015-07-23T11:02:40","slug":"bocetos-no-oficiales-alfa-romeo-giulia","status":"publish","type":"post","link":"https:\/\/www.sibuscascoche.com\/noticias\/2015\/bocetos-no-oficiales-alfa-romeo-giulia\/","title":{"rendered":"Salen a la luz los bocetos del Alfa Romeo Giulia antes de su presentaci\u00f3n oficial"},"content":{"rendered":"<p>Muchos han sido los rumores, especulaciones y comentarios acerca de c\u00f3mo ser\u00e1 el dise\u00f1o del tan deseado modelo Alfa Romeo Giulia. El pr\u00f3ximo 24 de junio ser\u00e1 la fecha en la que podremos conocer\u00a0 todos los detalles\u00a0del sustituto del Alfa Romeo 159,\u00a0 ya que es la fecha que ha\u00a0elegido la compa\u00f1\u00eda para presentar oficialmente en Mil\u00e1n a su nueva apuesta.<\/p>\n<p>Gracias a \u00a0<a href=\"http:\/\/corsaitalia.com\/scoop-is-dit-de-nieuwe-alfa-romeo-giulia-2\/\" target=\"_blank\" rel=\"noopener\">Corsa Italia\u00a0<\/a>\u00a0,se puede deslumbrar el dise\u00f1o deportivo que como siempre acompa\u00f1a a este tipo de modelos. La publicaci\u00f3n recoge una serie de bocetos, no oficiales, eso s\u00ed, pero que destapa la exclusiva y permite descubrir las l\u00edneas principales del tan esperado veh\u00edculo. Los bocetos muestran un veh\u00edculo con muchos elementos y similitudes con otros modelos del grupo FCA.<img loading=\"lazy\" decoding=\"async\" class=\"wp-image-5346 alignright\" alt=\"coche ocasi\u00f3n, Alfa Romeo Giulia\" src=\"https:\/\/www.sibuscascoche.com\/noticias\/wp-content\/uploads\/2015\/06\/alfa-giulia-interiorw-1.jpg\" width=\"300\" height=\"200\" \/> Un frontal con grandes parecidos al Alfa Romeo C4 y con unos grupos \u00f3pticos traseros que recuerdan, y mucho,\u00a0a los del Giulietta.<\/p>\n<p>El cuerpo de la nueva apuesta de Alfa Romeo presenta adem\u00e1s\u00a0numerosas coincidencias a las berlinas de Maserati, con las que el nuevo modelo de Alfa Romeo compartir\u00e1 plataforma, con una arquitectura de tracci\u00f3n trasera.<\/p>\n<p>El Alfa Romeo Giulia contar\u00e1 con tracci\u00f3n trasera y est\u00e1 destinado a rivalizar con otras berlinas medias, como el BMW Serie 3 o el nuevo Jaguar XE. Tambi\u00e9n estar\u00e1 disponible con tracci\u00f3n integral, y su gama de motores incluir\u00e1 cuatro cilindros y una versi\u00f3n GTA con motor V6 turboalimentado con potencias entre los 270 y los 400 CV.<\/p>\n<p>La aparici\u00f3n de estos bocetos corroboran las hip\u00f3tesis surgidas hace meses con la\u00a0publicaci\u00f3n de las\u00a0\u00a0primeras fotos esp\u00edas del\u00a0Alfa Giulia captadas durante\u00a0su desarrollo de pruebas\u00a0en carreteras durante el 2014. El aspecto exterior queda\u00a0previsiblemente confirmado\u00a0que ser\u00e1 muy similar al del Maserati Ghibli y con una plataforma m\u00e1s corta que la de este.<\/p>\n<p>De todos modos, las suposiciones se convertir\u00e1n en realidad en pocos d\u00edas.Habr\u00e1 que esperar\u00a0 para conocer los detalles y el dise\u00f1o definitivo\u00a0al menos, hasta el pr\u00f3ximo 24 de junio.<\/p>\n","protected":false},"excerpt":{"rendered":"<p>Muchos han sido los rumores, especulaciones y comentarios acerca de c\u00f3mo ser\u00e1 el dise\u00f1o del tan deseado modelo Alfa Romeo Giulia. El pr\u00f3ximo 24 de junio ser\u00e1 la fecha en<\/p>\n","protected":false},"author":1,"featured_media":5345,"comment_status":"closed","ping_status":"open","sticky":false,"template":"","format":"standard","meta":{"footnotes":""},"categories":[1,8],"tags":[617],"class_list":["post-5344","post","type-post","status-publish","format-standard","has-post-thumbnail","hentry","category-actualidad","category-lanzamientos","tag-alfa-romeo-giulia"],"_links":{"self":[{"href":"https:\/\/www.sibuscascoche.com\/noticias\/wp-json\/wp\/v2\/posts\/5344","targetHints":{"allow":["GET"]}}],"collection":[{"href":"https:\/\/www.sibuscascoche.com\/noticias\/wp-json\/wp\/v2\/posts"}],"about":[{"href":"https:\/\/www.sibuscascoche.com\/noticias\/wp-json\/wp\/v2\/types\/post"}],"author":[{"embeddable":true,"href":"https:\/\/www.sibuscascoche.com\/noticias\/wp-json\/wp\/v2\/users\/1"}],"replies":[{"embeddable":true,"href":"https:\/\/www.sibuscascoche.com\/noticias\/wp-json\/wp\/v2\/comments?post=5344"}],"version-history":[{"count":7,"href":"https:\/\/www.sibuscascoche.com\/noticias\/wp-json\/wp\/v2\/posts\/5344\/revisions"}],"predecessor-version":[{"id":5353,"href":"https:\/\/www.sibuscascoche.com\/noticias\/wp-json\/wp\/v2\/posts\/5344\/revisions\/5353"}],"wp:featuredmedia":[{"embeddable":true,"href":"https:\/\/www.sibuscascoche.com\/noticias\/wp-json\/wp\/v2\/media\/5345"}],"wp:attachment":[{"href":"https:\/\/www.sibuscascoche.com\/noticias\/wp-json\/wp\/v2\/media?parent=5344"}],"wp:term":[{"taxonomy":"category","embeddable":true,"href":"https:\/\/www.sibuscascoche.com\/noticias\/wp-json\/wp\/v2\/categories?post=5344"},{"taxonomy":"post_tag","embeddable":true,"href":"https:\/\/www.sibuscascoche.com\/noticias\/wp-json\/wp\/v2\/tags?post=5344"}],"curies":[{"name":"wp","href":"https:\/\/api.w.org\/{rel}","templated":true}]}}