{"id":5337,"date":"2015-07-08T13:50:10","date_gmt":"2015-07-08T11:50:10","guid":{"rendered":"https:\/\/www.sibuscascoche.com\/noticias\/?p=5337"},"modified":"2015-07-10T13:42:05","modified_gmt":"2015-07-10T11:42:05","slug":"honda-jazz-2015","status":"publish","type":"post","link":"https:\/\/www.sibuscascoche.com\/noticias\/2015\/honda-jazz-2015\/","title":{"rendered":"Honda Jazz 2015: el paso a la tercera generaci\u00f3n"},"content":{"rendered":"<p>Muy pronto -antes de finalizar el verano- la apuesta de Honda ver\u00e1 la luz en la mayor\u00eda de los concesionarios europeos con el <span style=\"color: #0071b9;\"><a href=\"https:\/\/www.sibuscascoche.com\/coches-ocasion\/honda\/jazz\"><span style=\"color: #0071b9;\">renovado Honda Jazz<\/span><\/a>\u00a0<\/span>2015, dirigido al segmento B y compitiendo en mercado con otros veh\u00edculos como Volkswagen Polo, el Seat Ibiza, el Ford Fiesta o el renovado Mazda2. En palabras de la propia compa\u00f1\u00eda, versatilidad, espacio, refinamiento y tecnolog\u00eda definen a su nueva apuesta.<\/p>\n<p><strong>Cuidado por fuera y tambi\u00e9n por dentro.<\/strong><\/p>\n<p>La tercera generaci\u00f3n\u00a0 de este Honda contiene un cuidadoso dise\u00f1o interior, <img loading=\"lazy\" decoding=\"async\" class=\"size-full wp-image-5341 alignright\" alt=\"coche ocasi\u00f3n, Galicia ocasi\u00f3n, Honda ocasi\u00f3n\" src=\"https:\/\/www.sibuscascoche.com\/noticias\/wp-content\/uploads\/2015\/06\/jazz-interior-1w.jpg\" width=\"300\" height=\"200\" \/>protagonizado por el completo aislamiento ac\u00fastico, \u00a0y una pantalla t\u00e1ctil de 7 pulgadas, situada en el centro del panel con la posibilidad de acceso a Internet, noticias, informaci\u00f3n de tr\u00e1fico y partes meteorol\u00f3gicos en tiempo real.<\/p>\n<p>Otra de las grandes novedades de la firma nipona es el sistema Honda Connect, que permitir\u00e1 sincronizar con los smartphones y otros dispositivos multimedia al veh\u00edculo a trav\u00e9s de MirrorLink, Wi-Fi, bluetooth, HDMI y USB.<\/p>\n<p><strong>Tecnolog\u00eda protagonista.<\/strong><\/p>\n<p>El <span style=\"color: #0071b9;\"><a href=\"http:\/\/www.honda.es\/cars\/new\/jazz-2013\/overview.html\" target=\"_blank\" rel=\"noopener\"><span style=\"color: #0071b9;\">Honda Jazz 2015<\/span><\/a><\/span>, conocido como Honda Fit en otros mercados, cuenta con el nuevo chasis como una de sus grandes novedades,\u00a0 unida a la nueva suspensi\u00f3n y a la actualizada direcci\u00f3n asistida el\u00e9ctrica. El coche presenta un motor mejorado, un i-VTEC de 1.3 litros y con una potencia de 102 CV a 6,000 rpm acoplado a una transmisi\u00f3n manual de 6 velocidades o a una transmisi\u00f3n CVT semiautom\u00e1tica.<\/p>\n<p><strong>M\u00e1s seguridad a bordo.<\/strong><\/p>\n<p>La seguridad es uno de los grandes objetivos de la firma nipona. El reconvertido modelo dispone\u00a0 de un sistema avanzado de asistencia a la conducci\u00f3n gracias a la c\u00e1mara y radar de medio alcance incorporados. La asistencia inteligente de velocidad, la alerta por colisi\u00f3n, el\u00a0 aviso de cambio de carril involuntario o el\u00a0 sistema de reconocimiento de se\u00f1ales de tr\u00e1fico ser\u00e1n realidad con la conducci\u00f3n del nuevo Jazz 2015. El Jazz 2015 se construir\u00e1 bajo el nuevo m\u00e9todo de fabricaci\u00f3n Advanced Compatibility Engineering, por lo que contar\u00e1 con un dise\u00f1o de la carrocer\u00eda mucho m\u00e1s reforzada, lo que permitir\u00e1 absorber del mejor modo el impacto en caso de accidente, minimizando las posibles lesiones de los ocupantes.<\/p>\n<p><strong>Espacioso<\/strong><\/p>\n<p>El Honda Jazz 2015 se caracteriza por ser un modelo con gran capacidad, todav\u00eda m\u00e1s que la de su antecesor. La nueva versi\u00f3n dispondr\u00e1 de un maletero con una capacidad de 354 litros, que podr\u00e1 llegar a los 884 litros si abatimos los asientos. A finales de este verano ya podremos ver circular esta apuesta de Honda por las carreteras, con un precio de salida que ronda los 17.000 \u20ac.<\/p>\n","protected":false},"excerpt":{"rendered":"<p>Muy pronto -antes de finalizar el verano- la apuesta de Honda ver\u00e1 la luz en la mayor\u00eda de los concesionarios europeos con el renovado Honda Jazz\u00a02015, dirigido al segmento B<\/p>\n","protected":false},"author":1,"featured_media":5340,"comment_status":"closed","ping_status":"open","sticky":false,"template":"","format":"standard","meta":{"footnotes":""},"categories":[8],"tags":[156,618],"class_list":["post-5337","post","type-post","status-publish","format-standard","has-post-thumbnail","hentry","category-lanzamientos","tag-honda","tag-honda-jazz"],"_links":{"self":[{"href":"https:\/\/www.sibuscascoche.com\/noticias\/wp-json\/wp\/v2\/posts\/5337","targetHints":{"allow":["GET"]}}],"collection":[{"href":"https:\/\/www.sibuscascoche.com\/noticias\/wp-json\/wp\/v2\/posts"}],"about":[{"href":"https:\/\/www.sibuscascoche.com\/noticias\/wp-json\/wp\/v2\/types\/post"}],"author":[{"embeddable":true,"href":"https:\/\/www.sibuscascoche.com\/noticias\/wp-json\/wp\/v2\/users\/1"}],"replies":[{"embeddable":true,"href":"https:\/\/www.sibuscascoche.com\/noticias\/wp-json\/wp\/v2\/comments?post=5337"}],"version-history":[{"count":6,"href":"https:\/\/www.sibuscascoche.com\/noticias\/wp-json\/wp\/v2\/posts\/5337\/revisions"}],"predecessor-version":[{"id":5924,"href":"https:\/\/www.sibuscascoche.com\/noticias\/wp-json\/wp\/v2\/posts\/5337\/revisions\/5924"}],"wp:featuredmedia":[{"embeddable":true,"href":"https:\/\/www.sibuscascoche.com\/noticias\/wp-json\/wp\/v2\/media\/5340"}],"wp:attachment":[{"href":"https:\/\/www.sibuscascoche.com\/noticias\/wp-json\/wp\/v2\/media?parent=5337"}],"wp:term":[{"taxonomy":"category","embeddable":true,"href":"https:\/\/www.sibuscascoche.com\/noticias\/wp-json\/wp\/v2\/categories?post=5337"},{"taxonomy":"post_tag","embeddable":true,"href":"https:\/\/www.sibuscascoche.com\/noticias\/wp-json\/wp\/v2\/tags?post=5337"}],"curies":[{"name":"wp","href":"https:\/\/api.w.org\/{rel}","templated":true}]}}