{"id":5315,"date":"2015-07-08T13:36:42","date_gmt":"2015-07-08T11:36:42","guid":{"rendered":"https:\/\/www.sibuscascoche.com\/noticias\/?p=5315"},"modified":"2015-07-08T13:36:42","modified_gmt":"2015-07-08T11:36:42","slug":"audi-q1-q6-q8-aterrizando","status":"publish","type":"post","link":"https:\/\/www.sibuscascoche.com\/noticias\/2015\/audi-q1-q6-q8-aterrizando\/","title":{"rendered":"Audi Q1, Q6 y Q8\u2026 \u00a1Aterrizando!"},"content":{"rendered":"<p style=\"text-align: justify;\">Ya no hay secretos: Audi est\u00e1 poniendo toda la carne en el asador para<strong> maximizar la gama de SUVs y crossovers<\/strong> y en los pr\u00f3ximos cinco a\u00f1os veremos cobrar vida a tres nuevos \u201ctodocaminos\u201d de la gama Q:<strong> Audi Q1, Q6 y Q8.<\/strong> Ulrich Hackenberg, uno de los m\u00e1ximos responsables de la casa alemana ha dado datos oficiales sobre los planes de la marca de los cuatro aros para los pr\u00f3ximos a\u00f1os.<\/p>\n<p style=\"text-align: justify;\"><img loading=\"lazy\" decoding=\"async\" class=\"alignright size-full wp-image-5319\" alt=\"coches ocasi\u00f3n\" src=\"https:\/\/www.sibuscascoche.com\/noticias\/wp-content\/uploads\/2015\/06\/interior-audi.jpg\" width=\"300\" height=\"200\" \/>\u00bfLo primero? Confirmar que<strong> se est\u00e1 desarrollando el proyecto del Audi Q8<\/strong>, un modelo que ser\u00e1 la m\u00e1xima expresi\u00f3n de lo que es un SUV de Audi. Lo que se traduce no solo en mayor y mejor equipamiento y motorizaciones que el Q7 sino tambi\u00e9n un cambio total de look, dejando bien claro el dise\u00f1o del m\u00e1s Premium de la casa.<\/p>\n<p style=\"text-align: justify;\">Pero el primero en llegar no ser\u00e1 el Q8 sino el <strong>Audi Q1<\/strong>, <strong>el crossover compacto con l\u00edneas angulares y un dise\u00f1o m\u00e1s juvenil y din\u00e1mico<\/strong>. Audi ha confirmado que se comercializar\u00e1 en Europa a partir del 2016\u2026 ya estamos impacientes.<\/p>\n<p style=\"text-align: justify;\"><strong>\u00bfY qu\u00e9 pasa con el Q6?<\/strong> Es el que m\u00e1s expectaci\u00f3n levanta y ser\u00e1 un full EV. Un proyecto de los chicos de Ingolstadt del que apenas se \u201cse suelta prenda\u201d. Confirman que se lanzar\u00e1 al mercado antes de que finalice la d\u00e9cada y que ser\u00e1 totalmente el\u00e9ctrico adem\u00e1s de prescindir de motor de combusti\u00f3n interna. La autonom\u00eda sin duda ser\u00e1 uno de sus puntos fuertes llegando a los 500 kil\u00f3metros. Se barajaba la posibilidad de que contara con una gama de motorizaciones id\u00e9ntica al Q5 pero adem\u00e1s incluyendo una variante el\u00e9ctrica aunque\u2026 no ser\u00e1 as\u00ed. Cuesti\u00f3n comercial, de imagen y que la casa alemana quiere un crossover EL\u00c9CTRICO al 100% (s\u00ed, en may\u00fasculas).<\/p>\n<p style=\"text-align: justify;\"><strong>\u00bfImpacientes?<\/strong><\/p>\n","protected":false},"excerpt":{"rendered":"<p>Ya no hay secretos: Audi est\u00e1 poniendo toda la carne en el asador para maximizar la gama de SUVs y crossovers y en los pr\u00f3ximos cinco a\u00f1os veremos cobrar vida<\/p>\n","protected":false},"author":1,"featured_media":5318,"comment_status":"closed","ping_status":"open","sticky":false,"template":"","format":"standard","meta":{"footnotes":""},"categories":[1,8],"tags":[609,610,611,129],"class_list":["post-5315","post","type-post","status-publish","format-standard","has-post-thumbnail","hentry","category-actualidad","category-lanzamientos","tag-q1","tag-q6","tag-q8","tag-suv"],"_links":{"self":[{"href":"https:\/\/www.sibuscascoche.com\/noticias\/wp-json\/wp\/v2\/posts\/5315","targetHints":{"allow":["GET"]}}],"collection":[{"href":"https:\/\/www.sibuscascoche.com\/noticias\/wp-json\/wp\/v2\/posts"}],"about":[{"href":"https:\/\/www.sibuscascoche.com\/noticias\/wp-json\/wp\/v2\/types\/post"}],"author":[{"embeddable":true,"href":"https:\/\/www.sibuscascoche.com\/noticias\/wp-json\/wp\/v2\/users\/1"}],"replies":[{"embeddable":true,"href":"https:\/\/www.sibuscascoche.com\/noticias\/wp-json\/wp\/v2\/comments?post=5315"}],"version-history":[{"count":5,"href":"https:\/\/www.sibuscascoche.com\/noticias\/wp-json\/wp\/v2\/posts\/5315\/revisions"}],"predecessor-version":[{"id":5860,"href":"https:\/\/www.sibuscascoche.com\/noticias\/wp-json\/wp\/v2\/posts\/5315\/revisions\/5860"}],"wp:featuredmedia":[{"embeddable":true,"href":"https:\/\/www.sibuscascoche.com\/noticias\/wp-json\/wp\/v2\/media\/5318"}],"wp:attachment":[{"href":"https:\/\/www.sibuscascoche.com\/noticias\/wp-json\/wp\/v2\/media?parent=5315"}],"wp:term":[{"taxonomy":"category","embeddable":true,"href":"https:\/\/www.sibuscascoche.com\/noticias\/wp-json\/wp\/v2\/categories?post=5315"},{"taxonomy":"post_tag","embeddable":true,"href":"https:\/\/www.sibuscascoche.com\/noticias\/wp-json\/wp\/v2\/tags?post=5315"}],"curies":[{"name":"wp","href":"https:\/\/api.w.org\/{rel}","templated":true}]}}