{"id":517,"date":"2013-09-25T15:04:29","date_gmt":"2013-09-25T13:04:29","guid":{"rendered":"https:\/\/www.sibuscascoche.com\/noticias\/?p=517"},"modified":"2013-10-14T12:37:23","modified_gmt":"2013-10-14T10:37:23","slug":"fiat-500e-electrico-asequible","status":"publish","type":"post","link":"https:\/\/www.sibuscascoche.com\/noticias\/2013\/fiat-500e-electrico-asequible\/","title":{"rendered":"Fiat 500e, el\u00e9ctrico y adem\u00e1s asequible"},"content":{"rendered":"<p style=\"text-align: justify;\">El Fiat 500e a\u00fan no ha salido al mercado, pero ya ha levantado una gran expectaci\u00f3n. Se dice que a\u00fan sin haber entregado ni un solo veh\u00edculo, Fiat ya tiene adjudicadas todas las unidades que producir\u00e1.<\/p>\n<p style=\"text-align: justify;\">El motivo de tanto revuelo es que al fin se ha dado ha conocer el precio del nuevo Fiat 500e, que solo se vender\u00e1 en California. Este veh\u00edculo el\u00e9ctrico se vender\u00e1 por 24.850\u20ac (32.500 $), pero con las subvenciones del gobierno estar\u00e1 disponible por 15.674\u20ac (20.500 $), este es ya un precio realmente atractivo para un el\u00e9ctrico, pero adem\u00e1s se ofrecer\u00e1 con una opci\u00f3n de leasing por 36 meses, que incluye seguro, mantenimiento e impuestos, por una cuota mensual de 152 \u20ac (199 $) y una entrada de 763 \u20ac (999 $). El 500e es adem\u00e1s el coche m\u00e1s eficiente que ha probado la agencia americana EPA y tiene una autonom\u00eda superior a la media, de 139 km por carga.<\/p>\n<p style=\"text-align: justify;\">Con todas estas ventajas muchos de nosotros nos preguntamos \u00bfY por qu\u00e9 no llega a Europa? Pues bien, la elecci\u00f3n de California para la comercializaci\u00f3n responde a la pol\u00edtica del gobierno a favor de este tipo de veh\u00edculos. El director de Fiat se ha manifestado siempre en contra de los veh\u00edculos el\u00e9ctricos y no se plantea la producci\u00f3n de este tipo de veh\u00edculos, quitando este proyecto experimental, de cara al futuro, Fiat apuesta por el Gas Natural o el GLP.<\/p>\n<p style=\"text-align: justify;\">Acerca de lo que la marca busca conseguir con este proyecto hay muchos rumores, que busca demostrar lo que la compa\u00f1\u00eda es capaz de hacer en el sector de el\u00e9ctricos, o que trata de hacer del 500e un producto \u00fanico muy codiciado.\u00a0Lo que est\u00e1 claro es que, si como todo parece indicar el Fiat 500e es un \u00e9xito, puede que la compa\u00f1\u00eda se vea obligada a replantear su opini\u00f3n acerca de la movilidad el\u00e9ctrica.<\/p>\n<div class=\"photo-gallery-shortcode\"><a href=\"#\" class=\"gallery-navi-left\">&nbsp;<\/a><a href=\"#\" class=\"gallery-navi-right\">&nbsp;<\/a><ul><li class=\"active\"><img loading=\"lazy\" decoding=\"async\" src=\"https:\/\/www.sibuscascoche.com\/noticias\/wp-content\/uploads\/2013\/09\/Fiat_500e-660x394.jpg\" class=\"setborder\" width=\"660\" height=\"394\" alt=\"Fiat 500e\" title=\"Fiat 500e\" \/><\/li><li class=\"active\"><img loading=\"lazy\" decoding=\"async\" src=\"https:\/\/www.sibuscascoche.com\/noticias\/wp-content\/uploads\/2013\/09\/Fiat_500electrico-660x394.jpg\" class=\"setborder\" width=\"660\" height=\"394\" alt=\"Fiat 500e\" title=\"Fiat 500e\" \/><\/li><li class=\"active\"><img loading=\"lazy\" decoding=\"async\" src=\"https:\/\/www.sibuscascoche.com\/noticias\/wp-content\/uploads\/2013\/09\/Fiat500_electrico-660x394.jpg\" class=\"setborder\" width=\"660\" height=\"394\" alt=\"Fiat 500e\" title=\"Fiat 500e\" \/><\/li><li class=\"active\"><img loading=\"lazy\" decoding=\"async\" src=\"https:\/\/www.sibuscascoche.com\/noticias\/wp-content\/uploads\/2013\/09\/Fiat500e_-660x394.jpg\" class=\"setborder\" width=\"660\" height=\"394\" alt=\"Fiat 500e\" title=\"Fiat 500e\" \/><\/li><li class=\"active\"><img loading=\"lazy\" decoding=\"async\" src=\"https:\/\/www.sibuscascoche.com\/noticias\/wp-content\/uploads\/2013\/09\/Fiat500e-660x394.jpg\" class=\"setborder\" width=\"660\" height=\"394\" alt=\"Fiat 500e\" title=\"Fiat 500e\" \/><\/li><\/ul><h4><a href=\"https:\/\/www.sibuscascoche.com\/noticias\/gallery\/fiat-500e\" class=\"font-replace\">Fiat 500e<span class=\"photos-in-it\">5 Fotos:<\/span><\/a><\/h4><\/div>\n","protected":false},"excerpt":{"rendered":"<p>El Fiat 500e a\u00fan no ha salido al mercado, pero ya ha levantado una gran expectaci\u00f3n. Se dice que a\u00fan sin haber entregado ni un solo veh\u00edculo, Fiat ya tiene<\/p>\n","protected":false},"author":1,"featured_media":518,"comment_status":"closed","ping_status":"open","sticky":false,"template":"","format":"standard","meta":{"footnotes":""},"categories":[10],"tags":[126,123],"class_list":["post-517","post","type-post","status-publish","format-standard","has-post-thumbnail","hentry","category-hibridos-electricos","tag-fiat","tag-vehiculo-electrico"],"_links":{"self":[{"href":"https:\/\/www.sibuscascoche.com\/noticias\/wp-json\/wp\/v2\/posts\/517","targetHints":{"allow":["GET"]}}],"collection":[{"href":"https:\/\/www.sibuscascoche.com\/noticias\/wp-json\/wp\/v2\/posts"}],"about":[{"href":"https:\/\/www.sibuscascoche.com\/noticias\/wp-json\/wp\/v2\/types\/post"}],"author":[{"embeddable":true,"href":"https:\/\/www.sibuscascoche.com\/noticias\/wp-json\/wp\/v2\/users\/1"}],"replies":[{"embeddable":true,"href":"https:\/\/www.sibuscascoche.com\/noticias\/wp-json\/wp\/v2\/comments?post=517"}],"version-history":[{"count":15,"href":"https:\/\/www.sibuscascoche.com\/noticias\/wp-json\/wp\/v2\/posts\/517\/revisions"}],"predecessor-version":[{"id":734,"href":"https:\/\/www.sibuscascoche.com\/noticias\/wp-json\/wp\/v2\/posts\/517\/revisions\/734"}],"wp:featuredmedia":[{"embeddable":true,"href":"https:\/\/www.sibuscascoche.com\/noticias\/wp-json\/wp\/v2\/media\/518"}],"wp:attachment":[{"href":"https:\/\/www.sibuscascoche.com\/noticias\/wp-json\/wp\/v2\/media?parent=517"}],"wp:term":[{"taxonomy":"category","embeddable":true,"href":"https:\/\/www.sibuscascoche.com\/noticias\/wp-json\/wp\/v2\/categories?post=517"},{"taxonomy":"post_tag","embeddable":true,"href":"https:\/\/www.sibuscascoche.com\/noticias\/wp-json\/wp\/v2\/tags?post=517"}],"curies":[{"name":"wp","href":"https:\/\/api.w.org\/{rel}","templated":true}]}}