{"id":5053,"date":"2015-05-20T15:39:28","date_gmt":"2015-05-20T13:39:28","guid":{"rendered":"https:\/\/www.sibuscascoche.com\/noticias\/?p=5053"},"modified":"2015-05-20T15:39:28","modified_gmt":"2015-05-20T13:39:28","slug":"rally-de-portugal-2015","status":"publish","type":"post","link":"https:\/\/www.sibuscascoche.com\/noticias\/2015\/rally-de-portugal-2015\/","title":{"rendered":"Rally de Portugal 2015: Todo lo que necesitas saber"},"content":{"rendered":"<p>El Rally de Portugal es la quinta prueba del mundial de rallyes WRC 2015. La expectaci\u00f3n es m\u00e1xima en esta edici\u00f3n ya que vuelve, 14 a\u00f1os despu\u00e9s, al norte del pa\u00eds. Por este motivo, la mayor\u00eda de los pilotos se enfrentar\u00e1n a tramos nuevos, en los que nunca antes hab\u00edan competido.<\/p>\n<p>La afici\u00f3n que existe en las autonom\u00edas cercanas al recorrido de la prueba y los ocho pilotos espa\u00f1oles que compiten este a\u00f1o muestran el inter\u00e9s que genera en nuestro territorio la competici\u00f3n que tendr\u00e1 lugar entre el pr\u00f3ximo jueves 21 y el domingo, 24 de mayo. El recorrido total es de 1.529,43 \u00a0kil\u00f3metros. De ellos, ser\u00e1n cronometrados 352 km distribuidos entre 16 tramos.<a style=\"line-height: 1.5em;\" href=\"https:\/\/www.thinglink.com\/scene\/657497236464205826\" target=\"_blank\" rel=\"noopener\"><br \/>\n<\/a><\/p>\n<p><b>R\u00e9cord de pilotos<\/b><\/p>\n<p><b><\/b>El WRC Rally de Portugal 2015 arranca desde el Campo Sas cercanas al recorrido de la prueba y los ocho pilotos espa\u00f1oles que compiten este a\u00f1o hacen que sdesde Espa\u00f1am \u00e3o Mamede, (Guimar\u00e3es) con m\u00e1s participantes de los previstos inicialmente. Al principio, se convocaron 90 plazas para competir y actualmente, sabemos que ser\u00e1n m\u00e1s de 100 los veh\u00edculos que medir\u00e1n sus fuerzas en los tramos portugueses.<\/p>\n<p>Las actividades comienzan el jueves 21 a partir de las siete y media de la ma\u00f1ana, cuando los pilotos har\u00e1n rodar sus veh\u00edculos en etapas de reconocimiento por turnos en la localidad de Guimar\u00e3es. Por la tarde, se reunir\u00e1n todos los equipos durante la ceremonia de salida y arrancar\u00e1 la primera etapa. La pista del rallyecross de Lousada alberga la SS1 Super Special Lousada, donde transcurrir\u00e1n los primeros kil\u00f3metros cronometrados.<\/p>\n<p>Al d\u00eda siguiente, el viernes, los pilotos se trasladar\u00e1n al Alto Minho para disputar los tramos de Ponte de Lima, Caminha y Viana do Castelo.<\/p>\n<p>El s\u00e1bado la WRC estar\u00e1 en la regi\u00f3n portuguesa de Maio. Los tramos en disputa son Bai\u00e3o, Mar\u00e3o y Frid\u00e3o.<\/p>\n<p>Por \u00faltimo, el domingo estar\u00e1n en juego los tramos de Fafe, donde desde hace tres a\u00f1os se celebra el Fafe Rallye Sprint y los de Vieira do Minho.<\/p>\n<p><b>Horarios de los tramos (hora espa\u00f1ola)<\/b><\/p>\n<p><b><\/b><b>Jueves, 21 de mayo de 2015 (3,36 km)<img loading=\"lazy\" decoding=\"async\" class=\"alignright  wp-image-5067\" alt=\"polo ocasi\u00f3n, polo barato\" src=\"https:\/\/www.sibuscascoche.com\/noticias\/wp-content\/uploads\/2015\/05\/SBC_volkswagen-polo-wrc.jpg\" width=\"280\" height=\"186\" srcset=\"https:\/\/www.sibuscascoche.com\/noticias\/wp-content\/uploads\/2015\/05\/SBC_volkswagen-polo-wrc.jpg 600w, https:\/\/www.sibuscascoche.com\/noticias\/wp-content\/uploads\/2015\/05\/SBC_volkswagen-polo-wrc-300x200.jpg 300w\" sizes=\"auto, (max-width: 280px) 100vw, 280px\" \/><\/b><\/p>\n<p>Shakedown (Baltar) &#8211; 4.60km &#8211; 08:30<\/p>\n<p>Shakedown (Baltar) &#8211; 4.60km &#8211; 10:00<\/p>\n<p>Shakedown (Baltar) &#8211; 4.60km &#8211; 12:00<\/p>\n<p>SSS 1 Lousada &#8211; 3.36km &#8211; 20:01<\/p>\n<p><b>Viernes, 22 de mayo de 2015 (128,58 km)<\/b><\/p>\n<p><img loading=\"lazy\" decoding=\"async\" class=\"wp-image-5095 alignleft\" alt=\"polo ocasi\u00f3n, polo barato\" src=\"https:\/\/www.sibuscascoche.com\/noticias\/wp-content\/uploads\/2015\/05\/sbc_polowrc-_3.jpg\" width=\"270\" height=\"180\" \/><\/p>\n<p>SS 2\u00a0\u00a0 Ponte de Lima 1 &#8211; 27.53km &#8211; 10:40<\/p>\n<p>SS 3\u00a0\u00a0 Caminha 1 &#8211; 18.05km &#8211; 11:25<\/p>\n<p>SS 4\u00a0\u00a0 Viana do Castelo 1- 18.76km &#8211; 12:15<\/p>\n<p>SS 5\u00a0\u00a0 Ponte de Lima 2 &#8211; 27.53km &#8211; 15:50<\/p>\n<p>SS 6\u00a0\u00a0 Caminha 2 &#8211; 18.05km &#8211; 16:35<\/p>\n<p>SS 7\u00a0\u00a0 Viana do Castelo 2 &#8211; 18.76km &#8211; 17:25<\/p>\n<p><b>S\u00e1bado, 23 de mayo de 2015\u00a0<\/b><b>(167,76 km)<\/b><\/p>\n<p><img loading=\"lazy\" decoding=\"async\" class=\"alignright  wp-image-5102\" alt=\"Hyunday barato, Hyunday ocasi\u00f3n\" src=\"https:\/\/www.sibuscascoche.com\/noticias\/wp-content\/uploads\/2015\/05\/Portugal-rally.jpg\" width=\"342\" height=\"196\" srcset=\"https:\/\/www.sibuscascoche.com\/noticias\/wp-content\/uploads\/2015\/05\/Portugal-rally.jpg 400w, https:\/\/www.sibuscascoche.com\/noticias\/wp-content\/uploads\/2015\/05\/Portugal-rally-300x171.jpg 300w\" sizes=\"auto, (max-width: 342px) 100vw, 342px\" \/><\/p>\n<p>SS 8\u00a0\u00a0 Bai\u00e3o 1 &#8211; 18.57km &#8211; 09:54<\/p>\n<p>SS 9\u00a0\u00a0 Mar\u00e3o 1 &#8211; 26.46km &#8211; 10:35<\/p>\n<p>SS 10 Frid\u00e3o 1 &#8211; 37.67km &#8211; 12:02<\/p>\n<p>SS 11 Bai\u00e3o 2 &#8211; 18.57km &#8211; 15:39<\/p>\n<p>SS 12 Mar\u00e3o 2 &#8211; 26.46km &#8211; 16:20<\/p>\n<p>SS 13 Frid\u00e3o 2 &#8211; 37.67km &#8211; 17:47<\/p>\n<p><b>Domingo, 24 de mayo de 2015 (54,65 km)<img loading=\"lazy\" decoding=\"async\" class=\"wp-image-5098 alignleft\" alt=\"Ford barato, Ford ocasi\u00f3n\" src=\"https:\/\/www.sibuscascoche.com\/noticias\/wp-content\/uploads\/2015\/05\/rally-portugal-ford.jpg\" width=\"238\" height=\"158\" \/><\/b><\/p>\n<p>SS 14 Fafe 1 &#8211; 11.15km &#8211; 09:05<\/p>\n<p>SS 15 Vieira do Minho &#8211; 32.35km &#8211; 09:50<\/p>\n<p>SS 16 Fafe 2 [Power Stage] &#8211; 11.15km &#8211; 12:08<\/p>\n<p>&nbsp;<\/p>\n<p><strong>\u00bfC\u00f3mo seguir el Rally de Portugal?<\/strong><br \/>\nEl Autom\u00f3bel Club de Portugal, ACP, organiza la competici\u00f3n y desde su web oficial recomienda a los espectadores una serie de pautas a seguir para que la cita se pueda desarrollar con total seguridad y sin aglomeraciones de p\u00fablico en los tramos. Para ello, establecieron zonas concretas para seguir a los pilotos, as\u00ed como los accesos a cada una de ellas. A continuaci\u00f3n, os enlazamos los v\u00eddeos de las zonas habilitadas para los tramos m\u00e1s cercanos a nuestra comunidad:<\/p>\n<p><img decoding=\"async\" class=\"alwaysThinglink\" style=\"max-width: 100%;\" alt=\"\" src=\"\/\/cdn.thinglink.me\/api\/image\/657497236464205826\/1024\/10\/scaletowidth#tl-657497236464205826;1043138249'\" \/><script charset=\"utf-8\" type=\"text\/javascript\" src=\"\/\/cdn.thinglink.me\/jse\/embed.js\" async=\"\"><\/script><\/p>\n<p>Para seguir las secciones 2 y 5, habr\u00e1 que acercarse a <span style=\"color: #0071b9;\"><a href=\"https:\/\/www.rallydeportugal.pt\/content.aspx?menuid=216&amp;eid=1064&amp;bl=1\" target=\"_blank\" rel=\"noopener\"><span style=\"color: #0071b9;\">Ponte de Lima<\/span><\/a><\/span>. Las zonas habilitadas para los espectadores son: <span style=\"color: #0071b9;\"><a href=\"https:\/\/www.youtube.com\/watch?v=gRen0Vi1Yqw&amp;list=PLuWiT5dEgAxTiXfxlgzNk_9EvC0mZhZpK&amp;index=3\" target=\"_blank\" rel=\"noopener\"><span style=\"color: #0071b9;\">ZE 5<\/span><\/a><\/span>, <span style=\"color: #0071b9;\"><a href=\"https:\/\/www.youtube.com\/watch?v=RRz4C-cMBJ4&amp;list=PLuWiT5dEgAxTiXfxlgzNk_9EvC0mZhZpK&amp;index=4\" target=\"_blank\" rel=\"noopener\"><span style=\"color: #0071b9;\">ZE 6<\/span><\/a><\/span>, <span style=\"color: #0071b9;\"><a href=\"https:\/\/www.youtube.com\/watch?v=a3JEfQ71vPU&amp;list=PLuWiT5dEgAxTiXfxlgzNk_9EvC0mZhZpK&amp;index=5\" target=\"_blank\" rel=\"noopener\"><span style=\"color: #0071b9;\">ZE 7<\/span><\/a><\/span>, <span style=\"color: #0071b9;\"><a href=\"https:\/\/www.youtube.com\/watch?v=axeXgjpCX_8&amp;index=6&amp;list=PLuWiT5dEgAxTiXfxlgzNk_9EvC0mZhZpK\" target=\"_blank\" rel=\"noopener\"><span style=\"color: #0071b9;\">ZE 8<\/span><\/a><\/span> y <span style=\"color: #0071b9;\"><a href=\"https:\/\/www.youtube.com\/watch?v=W-dENbtzl8k&amp;index=7&amp;list=PLuWiT5dEgAxTiXfxlgzNk_9EvC0mZhZpK\" target=\"_blank\" rel=\"noopener\"><span style=\"color: #0071b9;\">ZE 9<\/span><\/a><\/span>.<\/p>\n<p>Si quieres acercarte a <span style=\"color: #0071b9;\"><a href=\"https:\/\/www.rallydeportugal.pt\/content.aspx?menuid=216&amp;eid=1065&amp;bl=1\" target=\"_blank\" rel=\"noopener\"><span style=\"color: #0071b9;\">Caminha<\/span><\/a><\/span>, cuentas con cuatro zonas para seguir las secciones 3 y 6 de la competici\u00f3n: <span style=\"color: #0071b9;\"><a href=\"https:\/\/www.youtube.com\/watch?v=t50W14Wb0TA&amp;list=PLuWiT5dEgAxTiXfxlgzNk_9EvC0mZhZpK&amp;index=8\" target=\"_blank\" rel=\"noopener\"><span style=\"color: #0071b9;\">ZE 1O<\/span><\/a><\/span>, <span style=\"color: #0071b9;\"><a href=\"https:\/\/www.youtube.com\/watch?v=vqvGbcM5Aqw&amp;index=9&amp;list=PLuWiT5dEgAxTiXfxlgzNk_9EvC0mZhZpK\" target=\"_blank\" rel=\"noopener\"><span style=\"color: #0071b9;\">ZE 11<\/span><\/a><\/span>, <span style=\"color: #0071b9;\"><a href=\"https:\/\/www.youtube.com\/watch?v=FORET7Z-40o&amp;list=PLuWiT5dEgAxTiXfxlgzNk_9EvC0mZhZpK&amp;index=10\" target=\"_blank\" rel=\"noopener\"><span style=\"color: #0071b9;\">ZE 12<\/span><\/a><\/span> y <span style=\"color: #0071b9;\"><a href=\"https:\/\/www.youtube.com\/watch?v=QPa2Rt6dsbI&amp;list=PLuWiT5dEgAxTiXfxlgzNk_9EvC0mZhZpK&amp;index=11\" target=\"_blank\" rel=\"noopener\"><span style=\"color: #0071b9;\">ZE 13<\/span><\/a><\/span>.<\/p>\n<p>Si prefieres seguir la competici\u00f3n desde <span style=\"color: #0071b9;\"><a href=\"https:\/\/www.rallydeportugal.pt\/content.aspx?menuid=216&amp;eid=1067&amp;bl=1\" target=\"_blank\" rel=\"noopener\"><span style=\"color: #0071b9;\">Viana do Castelo<\/span><\/a><\/span>, las secciones 4 y 7 de la carrera cuentan con dos zonas para el p\u00fablico: <span style=\"color: #0071b9;\"><a href=\"https:\/\/www.youtube.com\/watch?v=-qFrm7y1RLM&amp;list=PLuWiT5dEgAxTiXfxlgzNk_9EvC0mZhZpK&amp;index=12\" target=\"_blank\" rel=\"noopener\"><span style=\"color: #0071b9;\">ZE 14<\/span><\/a><\/span> y <span style=\"color: #0071b9;\"><a href=\"https:\/\/www.youtube.com\/watch?v=mZ5jQJggOd0&amp;index=13&amp;list=PLuWiT5dEgAxTiXfxlgzNk_9EvC0mZhZpK\" target=\"_blank\" rel=\"noopener\"><span style=\"color: #0071b9;\">ZE 15<\/span><\/a><\/span>.<\/p>\n<p>En la <span style=\"color: #0071b9;\"><a href=\"http:\/\/www.rallydeportugal.pt\/homepage.aspx?menuid=1\" target=\"_blank\" rel=\"noopener\"><span style=\"color: #0071b9;\">web del Rally de Portugal<\/span><\/a><\/span> encontrar\u00e1s m\u00e1s informaci\u00f3n y v\u00eddeos del resto de tramos.<\/p>\n<p>&nbsp;<\/p>\n<p>&nbsp;<\/p>\n<p>&nbsp;<\/p>\n","protected":false},"excerpt":{"rendered":"<p>El Rally de Portugal es la quinta prueba del mundial de rallyes WRC 2015. La expectaci\u00f3n es m\u00e1xima en esta edici\u00f3n ya que vuelve, 14 a\u00f1os despu\u00e9s, al norte del<\/p>\n","protected":false},"author":1,"featured_media":5060,"comment_status":"closed","ping_status":"open","sticky":false,"template":"","format":"standard","meta":{"footnotes":""},"categories":[1,9],"tags":[595,596],"class_list":["post-5053","post","type-post","status-publish","format-standard","has-post-thumbnail","hentry","category-actualidad","category-eventos","tag-rally-de-portugal","tag-wrc-2015"],"_links":{"self":[{"href":"https:\/\/www.sibuscascoche.com\/noticias\/wp-json\/wp\/v2\/posts\/5053","targetHints":{"allow":["GET"]}}],"collection":[{"href":"https:\/\/www.sibuscascoche.com\/noticias\/wp-json\/wp\/v2\/posts"}],"about":[{"href":"https:\/\/www.sibuscascoche.com\/noticias\/wp-json\/wp\/v2\/types\/post"}],"author":[{"embeddable":true,"href":"https:\/\/www.sibuscascoche.com\/noticias\/wp-json\/wp\/v2\/users\/1"}],"replies":[{"embeddable":true,"href":"https:\/\/www.sibuscascoche.com\/noticias\/wp-json\/wp\/v2\/comments?post=5053"}],"version-history":[{"count":47,"href":"https:\/\/www.sibuscascoche.com\/noticias\/wp-json\/wp\/v2\/posts\/5053\/revisions"}],"predecessor-version":[{"id":5112,"href":"https:\/\/www.sibuscascoche.com\/noticias\/wp-json\/wp\/v2\/posts\/5053\/revisions\/5112"}],"wp:featuredmedia":[{"embeddable":true,"href":"https:\/\/www.sibuscascoche.com\/noticias\/wp-json\/wp\/v2\/media\/5060"}],"wp:attachment":[{"href":"https:\/\/www.sibuscascoche.com\/noticias\/wp-json\/wp\/v2\/media?parent=5053"}],"wp:term":[{"taxonomy":"category","embeddable":true,"href":"https:\/\/www.sibuscascoche.com\/noticias\/wp-json\/wp\/v2\/categories?post=5053"},{"taxonomy":"post_tag","embeddable":true,"href":"https:\/\/www.sibuscascoche.com\/noticias\/wp-json\/wp\/v2\/tags?post=5053"}],"curies":[{"name":"wp","href":"https:\/\/api.w.org\/{rel}","templated":true}]}}