{"id":5045,"date":"2015-05-15T08:00:44","date_gmt":"2015-05-15T06:00:44","guid":{"rendered":"https:\/\/www.sibuscascoche.com\/noticias\/?p=5045"},"modified":"2015-05-15T10:04:35","modified_gmt":"2015-05-15T08:04:35","slug":"salon-barcelona-2015-coches-ver","status":"publish","type":"post","link":"https:\/\/www.sibuscascoche.com\/noticias\/2015\/salon-barcelona-2015-coches-ver\/","title":{"rendered":"Sal\u00f3n de Barcelona 2015: \u00a1Los 4 coches que tienes que ver!"},"content":{"rendered":"<p>El Sal\u00f3n de Barcelona 2015 llega cargado de novedades que no te puedes perder. Las instalaciones de la Fira de Barcelona, en el recinto de Montjuic, acogen las novedades m\u00e1s recientes de las 37 marcas que asisten a esta edici\u00f3n. La primera noticia que nos trae este a\u00f1o es una nueva ampliaci\u00f3n del Plan Pive, confirmada por el presidente del Gobierno, en el encuentro con la industria del autom\u00f3vil hasta finales de este a\u00f1o.<\/p>\n<p>M\u00e1s tecnolog\u00eda y conectividad son las principales\u00a0 apuestas de las marcas que asisten al evento. M\u00e1s marcas en comparaci\u00f3n con la pasada edici\u00f3n pero m\u00e1s reducido sus dimensiones. A continuaci\u00f3n, os mostramos los coches que no puedes perderte del Sal\u00f3n de Barcelona:<\/p>\n<p><b>Audi Q7<\/b>: Se hizo esperar y vali\u00f3 la pena.<img loading=\"lazy\" decoding=\"async\" class=\"alignright  wp-image-5046\" alt=\"Audi barato, Audi ocasi\u00f3n\" src=\"https:\/\/www.sibuscascoche.com\/noticias\/wp-content\/uploads\/2015\/05\/SBC_salon-barcelona-audi-q7.jpg\" width=\"164\" height=\"109\" \/> La segunda generaci\u00f3n del todocamino m\u00e1s exclusivo de la firma de los cuatro aros vuelve m\u00e1s r\u00e1pido, ligero y eficiente. Tambi\u00e9n en versi\u00f3n h\u00edbrida enchufable.<\/p>\n<p><b>Renault Kadjar<img loading=\"lazy\" decoding=\"async\" class=\"alignleft  wp-image-5048\" alt=\"Renault ocasi\u00f3n, Renault barato\" src=\"https:\/\/www.sibuscascoche.com\/noticias\/wp-content\/uploads\/2015\/05\/SBC_salon-barcelona-renault-kadjar.jpg\" width=\"164\" height=\"109\" \/><\/b>: La expectaci\u00f3n creada por este modelo despu\u00e9s de su presentaci\u00f3n en el Sal\u00f3n de Ginebra llega a Barcelona. Se trata de una de las estrellas de la cita. Todav\u00eda faltan meses para que salga al mercado, sin embargo, ya se postula como competidor para otros SUV como el Nissan Qashqai.<\/p>\n<p><b>Volkswagen WRC 2015<img loading=\"lazy\" decoding=\"async\" class=\" wp-image-5049 alignright\" alt=\"Volkswagen barato, Polo ocasi\u00f3n\" src=\"https:\/\/www.sibuscascoche.com\/noticias\/wp-content\/uploads\/2015\/05\/SBC_salon-barcelona-volkswagen-polo-r-wrc.jpg\" width=\"180\" height=\"120\" \/><\/b>: El modelo de competici\u00f3n del Volkswagen es la estrella del stand de la firma alemana. La deportividad del modelo que est\u00e1 haciendo historia en el Campeonato del Mundo de Rallyes es uno de sus mejores reclamos para el p\u00fablico. Le acompa\u00f1an el coche del a\u00f1o, Volkswagen Passat, en sus versiones h\u00edbrida enchufable GTE y off-road Alltrack con tecnolog\u00eda 4Motion.<\/p>\n<p><b style=\"line-height: 1.5em;\">Honda Type R<img loading=\"lazy\" decoding=\"async\" class=\" wp-image-5047 alignleft\" alt=\"Honda Civic ocasi\u00f3n, Honda Civic barato\" src=\"https:\/\/www.sibuscascoche.com\/noticias\/wp-content\/uploads\/2015\/05\/SBC_salon-barcelona-honda-civic-type-r.jpg\" width=\"180\" height=\"120\" \/>: <\/b><span style=\"line-height: 1.5em;\">Sin duda, se trata de uno de los modelos que m\u00e1s expectaci\u00f3n ha creado. El deportivo japon\u00e9s de la feria de Barcelona cuenta con un motor VTEC turbo de 310 caballos de potencia.<\/span><\/p>\n<p>Estas maravillas estar\u00e1n expuestas en el Sal\u00f3n de Barcelona hasta este domingo 17 de mayo en tres pabellones 1, 3 y 8 de la Fira de Montjuic. Exposici\u00f3n de veh\u00edculos y actividades donde podr\u00e1s probar coches por la monta\u00f1a barcelonesa. \u00bfTe los vas a perder?<\/p>\n","protected":false},"excerpt":{"rendered":"<p>El Sal\u00f3n de Barcelona 2015 llega cargado de novedades que no te puedes perder. Las instalaciones de la Fira de Barcelona, en el recinto de Montjuic, acogen las novedades m\u00e1s<\/p>\n","protected":false},"author":1,"featured_media":5050,"comment_status":"closed","ping_status":"open","sticky":false,"template":"","format":"standard","meta":{"footnotes":""},"categories":[1,8],"tags":[594,183],"class_list":["post-5045","post","type-post","status-publish","format-standard","has-post-thumbnail","hentry","category-actualidad","category-lanzamientos","tag-salon-de-barcelona","tag-salon-del-automovil"],"_links":{"self":[{"href":"https:\/\/www.sibuscascoche.com\/noticias\/wp-json\/wp\/v2\/posts\/5045","targetHints":{"allow":["GET"]}}],"collection":[{"href":"https:\/\/www.sibuscascoche.com\/noticias\/wp-json\/wp\/v2\/posts"}],"about":[{"href":"https:\/\/www.sibuscascoche.com\/noticias\/wp-json\/wp\/v2\/types\/post"}],"author":[{"embeddable":true,"href":"https:\/\/www.sibuscascoche.com\/noticias\/wp-json\/wp\/v2\/users\/1"}],"replies":[{"embeddable":true,"href":"https:\/\/www.sibuscascoche.com\/noticias\/wp-json\/wp\/v2\/comments?post=5045"}],"version-history":[{"count":1,"href":"https:\/\/www.sibuscascoche.com\/noticias\/wp-json\/wp\/v2\/posts\/5045\/revisions"}],"predecessor-version":[{"id":5051,"href":"https:\/\/www.sibuscascoche.com\/noticias\/wp-json\/wp\/v2\/posts\/5045\/revisions\/5051"}],"wp:featuredmedia":[{"embeddable":true,"href":"https:\/\/www.sibuscascoche.com\/noticias\/wp-json\/wp\/v2\/media\/5050"}],"wp:attachment":[{"href":"https:\/\/www.sibuscascoche.com\/noticias\/wp-json\/wp\/v2\/media?parent=5045"}],"wp:term":[{"taxonomy":"category","embeddable":true,"href":"https:\/\/www.sibuscascoche.com\/noticias\/wp-json\/wp\/v2\/categories?post=5045"},{"taxonomy":"post_tag","embeddable":true,"href":"https:\/\/www.sibuscascoche.com\/noticias\/wp-json\/wp\/v2\/tags?post=5045"}],"curies":[{"name":"wp","href":"https:\/\/api.w.org\/{rel}","templated":true}]}}