{"id":5033,"date":"2015-05-26T14:04:27","date_gmt":"2015-05-26T12:04:27","guid":{"rendered":"https:\/\/www.sibuscascoche.com\/noticias\/?p=5033"},"modified":"2015-07-03T17:07:51","modified_gmt":"2015-07-03T15:07:51","slug":"nuevo-volkswagen-touran","status":"publish","type":"post","link":"https:\/\/www.sibuscascoche.com\/noticias\/2015\/nuevo-volkswagen-touran\/","title":{"rendered":"Nuevo Volkswagen Touran"},"content":{"rendered":"<p style=\"text-align: justify;\">El <span style=\"color: #0079b6;\"><a href=\"https:\/\/www.sibuscascoche.com\/coches-ocasion\/volkswagen\/touran\"><span style=\"color: #0079b6;\">Volkswagen Touran<\/span><\/a><\/span>,<strong> consagrado monovolumen compacto<\/strong> se renueva con un nuevo dise\u00f1o y aterriza con estilo. El tama\u00f1o tambi\u00e9n importa y por eso crece de largo y ancho pero\u2026a\u00fan hay m\u00e1s.<\/p>\n<p style=\"text-align: justify;\"><img loading=\"lazy\" decoding=\"async\" class=\"alignright size-full wp-image-5040\" alt=\"coches ocasi\u00f3n\" src=\"https:\/\/www.sibuscascoche.com\/noticias\/wp-content\/uploads\/2015\/05\/interior-touran.jpg\" width=\"300\" height=\"200\" \/>Con un <strong>dise\u00f1o definido y asumiendo la est\u00e9tica del grupo Volkswagen<\/strong> se adue\u00f1a de nuevos grupos \u00f3pticos y remarca su imagen a trav\u00e9s de una linealidad constante desde el cap\u00f3 a la zaga y renueva por completo tanto su frontal como la parte trasera para convertirse en un coche mucho m\u00e1s atractivo que su predecesor.<\/p>\n<p style=\"text-align: justify;\">En cuanto al interior<strong> gana en calidad de los acabados pero sobre todo en practicidad<\/strong> gracias a los m\u00e1s de 45 espacios portaobjetos repartidos por el habit\u00e1culo. Con 800 litros de capacidad de maletero en la versi\u00f3n de cinco plazas (o 1.040 en la de siete, con los asientos plegados y cargado hasta el techo), ampliables gracias al innovador sistema \u201cFold Flat\u201d que permite abatir uno a uno los asientos creando una plataforma de carga completamente plana.<\/p>\n<p style=\"text-align: justify;\">En lo que respecta a motores ofrecer\u00e1 gasolina turbo 1.2 TSI de 110 CV, 1.4 TSI de 150 CV y 1.8 TSI de 180 CV junto a los turbodi\u00e9sel 1.6 TDI de 110 CV y 2.0 TDI de 150 y 190 CV, todos de 4 cilindros e inyecci\u00f3n directa con Stop&amp;Start, recuperaci\u00f3n en frenada y cambio manual de 6 marchas, salvo los 1.8 TSI de 180 CV y 2.0 TDI de 190 CV que lo llevan auto secuencial DSG de doble embrague.<\/p>\n<p style=\"text-align: justify;\"><strong>El paquete de infoentretenimiento tambi\u00e9n se renueva<\/strong> y llegar\u00e1 a trav\u00e9s de una pantalla t\u00e1ctil que variar\u00e1 entre las 5 y las 8 pulgadas. Gran aumento de conectividad del Touran trav\u00e9s de la App Conect que adem\u00e1s de ofrecer todas las aplicaciones de Volkswagen con su Mirror Link, tambi\u00e9n conectar\u00e1 nuestros smartphones a trav\u00e9s del \u201cCarPlay\u201d de Apple y el \u201cAndroid Auto\u201d.<\/p>\n<p style=\"text-align: justify;\">\n","protected":false},"excerpt":{"rendered":"<p>El Volkswagen Touran, consagrado monovolumen compacto se renueva con un nuevo dise\u00f1o y aterriza con estilo. El tama\u00f1o tambi\u00e9n importa y por eso crece de largo y ancho pero\u2026a\u00fan hay<\/p>\n","protected":false},"author":1,"featured_media":5039,"comment_status":"closed","ping_status":"open","sticky":false,"template":"","format":"standard","meta":{"footnotes":""},"categories":[1],"tags":[116,592,22],"class_list":["post-5033","post","type-post","status-publish","format-standard","has-post-thumbnail","hentry","category-actualidad","tag-monovolumen","tag-touran","tag-volkswagen"],"_links":{"self":[{"href":"https:\/\/www.sibuscascoche.com\/noticias\/wp-json\/wp\/v2\/posts\/5033","targetHints":{"allow":["GET"]}}],"collection":[{"href":"https:\/\/www.sibuscascoche.com\/noticias\/wp-json\/wp\/v2\/posts"}],"about":[{"href":"https:\/\/www.sibuscascoche.com\/noticias\/wp-json\/wp\/v2\/types\/post"}],"author":[{"embeddable":true,"href":"https:\/\/www.sibuscascoche.com\/noticias\/wp-json\/wp\/v2\/users\/1"}],"replies":[{"embeddable":true,"href":"https:\/\/www.sibuscascoche.com\/noticias\/wp-json\/wp\/v2\/comments?post=5033"}],"version-history":[{"count":6,"href":"https:\/\/www.sibuscascoche.com\/noticias\/wp-json\/wp\/v2\/posts\/5033\/revisions"}],"predecessor-version":[{"id":5853,"href":"https:\/\/www.sibuscascoche.com\/noticias\/wp-json\/wp\/v2\/posts\/5033\/revisions\/5853"}],"wp:featuredmedia":[{"embeddable":true,"href":"https:\/\/www.sibuscascoche.com\/noticias\/wp-json\/wp\/v2\/media\/5039"}],"wp:attachment":[{"href":"https:\/\/www.sibuscascoche.com\/noticias\/wp-json\/wp\/v2\/media?parent=5033"}],"wp:term":[{"taxonomy":"category","embeddable":true,"href":"https:\/\/www.sibuscascoche.com\/noticias\/wp-json\/wp\/v2\/categories?post=5033"},{"taxonomy":"post_tag","embeddable":true,"href":"https:\/\/www.sibuscascoche.com\/noticias\/wp-json\/wp\/v2\/tags?post=5033"}],"curies":[{"name":"wp","href":"https:\/\/api.w.org\/{rel}","templated":true}]}}