{"id":5006,"date":"2015-05-11T12:40:12","date_gmt":"2015-05-11T10:40:12","guid":{"rendered":"https:\/\/www.sibuscascoche.com\/noticias\/?p=5006"},"modified":"2015-05-11T13:04:43","modified_gmt":"2015-05-11T11:04:43","slug":"opel-corsa-coche-del-ano-2015","status":"publish","type":"post","link":"https:\/\/www.sibuscascoche.com\/noticias\/2015\/opel-corsa-coche-del-ano-2015\/","title":{"rendered":"Opel Corsa, coche del a\u00f1o 2015"},"content":{"rendered":"<p><span style=\"font-size: 14px; line-height: 1.5em;\"><strong>\u201cCoche del a\u00f1o 2015\u201d<\/strong> para el Opel Corsa. As\u00ed declaraban en\u00a0<strong><a href=\"http:\/\/www.sprintmotor.com\/\" target=\"_blank\" rel=\"noopener\">Sprint Motor<\/a><\/strong>, revista compostelana con m\u00e1s de 20 a\u00f1os en el mercado, al m\u00edtico modelo de Opel durante la celebraci\u00f3n de la <strong>XIII Edici\u00f3n<\/strong> de sus premios. Un evento al que asistieron multitud de profesionales del sector adem\u00e1s de otros tantos aficionados.<\/span><\/p>\n<p><strong style=\"text-align: justify;\"><img loading=\"lazy\" decoding=\"async\" class=\"alignright size-full wp-image-5008\" alt=\"Opel Corsa\" src=\"https:\/\/www.sibuscascoche.com\/noticias\/wp-content\/uploads\/2015\/05\/interior-opel-corsa.jpg\" width=\"300\" height=\"200\" \/><\/strong><\/p>\n<p>Alejandro Castro P\u00e9rez, gerente de B\u00e9tula Cars (Concesionario oficial Opel en Santiago) y integrado en <a href=\"http:\/\/www.perezrumbao.es\/\" target=\"_blank\" rel=\"noopener\">P\u00e9rez Rumbao<\/a>, confesaba: \u201cel premio en esta decimotercera edici\u00f3n lo recibimos en B\u00e9tula Cars <strong>gracias al buen gusto de los lectores de esta revista y al espl\u00e9ndido modelo<\/strong> que la marca del rayo nos ha brindado en este a\u00f1o repleto de novedades\u201d.<\/p>\n<p>Y es que el nuevo Opel Corsa <strong>es escultural e irresistible<\/strong>. Un perfil con unos rasgos tan atractivos como su <strong>parrilla frontal extremadamente deportiva<\/strong>, con detalles de calidad como sus nuevos faros. La l\u00ednea del techo fluye hacia la zaga del coche y luce una imponente l\u00ednea trasera. Sencillamente brillante desde cualquier \u00e1ngulo que se observe. Pero no solo deslumbra al exterior sino tambi\u00e9n al interior con <strong>materiales de primera calidad y un acabado exclusivo.<\/strong> Elementos decorativos plateados conquistan a primera vista y los asientos acolchados ofrecen un \u00f3ptimo apoyo para sentir qu\u00e9 es la comodidad. Multitud de innovaciones como compatibilidad v\u00eda Bluetooth, el sistema Flexdock o la infinidad de aplicaciones descargables a trav\u00e9s de IntelliLink. <strong>Parece que el nuevo Opel Corsa es sin\u00f3nimo de \u00abPlacer de Conducir\u00bb.<\/strong> \u00bfNo te parece?<\/p>\n","protected":false},"excerpt":{"rendered":"<p>\u201cCoche del a\u00f1o 2015\u201d para el Opel Corsa. As\u00ed declaraban en\u00a0Sprint Motor, revista compostelana con m\u00e1s de 20 a\u00f1os en el mercado, al m\u00edtico modelo de Opel durante la celebraci\u00f3n<\/p>\n","protected":false},"author":1,"featured_media":5007,"comment_status":"closed","ping_status":"open","sticky":false,"template":"","format":"standard","meta":{"footnotes":""},"categories":[1],"tags":[332,41,351],"class_list":["post-5006","post","type-post","status-publish","format-standard","has-post-thumbnail","hentry","category-actualidad","tag-corsa","tag-opel","tag-premios"],"_links":{"self":[{"href":"https:\/\/www.sibuscascoche.com\/noticias\/wp-json\/wp\/v2\/posts\/5006","targetHints":{"allow":["GET"]}}],"collection":[{"href":"https:\/\/www.sibuscascoche.com\/noticias\/wp-json\/wp\/v2\/posts"}],"about":[{"href":"https:\/\/www.sibuscascoche.com\/noticias\/wp-json\/wp\/v2\/types\/post"}],"author":[{"embeddable":true,"href":"https:\/\/www.sibuscascoche.com\/noticias\/wp-json\/wp\/v2\/users\/1"}],"replies":[{"embeddable":true,"href":"https:\/\/www.sibuscascoche.com\/noticias\/wp-json\/wp\/v2\/comments?post=5006"}],"version-history":[{"count":8,"href":"https:\/\/www.sibuscascoche.com\/noticias\/wp-json\/wp\/v2\/posts\/5006\/revisions"}],"predecessor-version":[{"id":5016,"href":"https:\/\/www.sibuscascoche.com\/noticias\/wp-json\/wp\/v2\/posts\/5006\/revisions\/5016"}],"wp:featuredmedia":[{"embeddable":true,"href":"https:\/\/www.sibuscascoche.com\/noticias\/wp-json\/wp\/v2\/media\/5007"}],"wp:attachment":[{"href":"https:\/\/www.sibuscascoche.com\/noticias\/wp-json\/wp\/v2\/media?parent=5006"}],"wp:term":[{"taxonomy":"category","embeddable":true,"href":"https:\/\/www.sibuscascoche.com\/noticias\/wp-json\/wp\/v2\/categories?post=5006"},{"taxonomy":"post_tag","embeddable":true,"href":"https:\/\/www.sibuscascoche.com\/noticias\/wp-json\/wp\/v2\/tags?post=5006"}],"curies":[{"name":"wp","href":"https:\/\/api.w.org\/{rel}","templated":true}]}}