{"id":4944,"date":"2015-05-05T16:59:41","date_gmt":"2015-05-05T14:59:41","guid":{"rendered":"https:\/\/www.sibuscascoche.com\/noticias\/?p=4944"},"modified":"2015-05-05T16:59:42","modified_gmt":"2015-05-05T14:59:42","slug":"ds-5-elegido-mejor-coche-serie-salon-de-ginebra","status":"publish","type":"post","link":"https:\/\/www.sibuscascoche.com\/noticias\/2015\/ds-5-elegido-mejor-coche-serie-salon-de-ginebra\/","title":{"rendered":"El DS 5, elegido mejor coche de serie del Sal\u00f3n de Ginebra"},"content":{"rendered":"<p style=\"text-align: justify;\">El <strong>nuevo DS 5<\/strong>, presentado en primicia en el Sal\u00f3n del Autom\u00f3vil de Ginebra antes de que se comercialice en Europa en junio, ha sido elegido \u201cMejor Coche de Serie del Sal\u00f3n\u201d por los lectores e internautas de los medios de comunicaci\u00f3n especializados AutoPlus y RTL.<\/p>\n<p style=\"text-align: justify;\"><b>El galard\u00f3n se suma al que obtuvo el Divine DS como \u201cMejor Concept Car\u201d en el Sal\u00f3n del Autom\u00f3vil de Par\u00eds<\/b> el pasado mes de septiembre y ayuda a impulsar la nueva marca DS, que ya ha presentado en Suiza su nuevo logotipo y su nuevo lema corporativo, traducido al castellano como \u201cEsp\u00edritu de Vanguardia\u201d. Es decir, DS ya luce como marca propia desvinculada de Citro\u00ebn y est\u00e1 de enhorabuena.<\/p>\n<p style=\"text-align: justify;\"><img loading=\"lazy\" decoding=\"async\" class=\"alignright size-full wp-image-4952\" alt=\"coches ocasi\u00f3n\" src=\"https:\/\/www.sibuscascoche.com\/noticias\/wp-content\/uploads\/2015\/05\/interior-nuevo-ds-5.jpg\" width=\"300\" height=\"200\" \/>El DS 5, emblema de DS, ha conseguido el 30% de los votos de su categor\u00eda frente a otros 14 modelos. En total se presentaron 40 nuevas creaciones, algunas de marcas tan lujosas como Ferrari, Porsche o Rolls-Royce, que compet\u00edan por un premio en cuatro categor\u00edas distintas: \u201cMejor Coche Ecol\u00f3gico\u201d, \u201cMejor Concept Car\u201d y \u201cCoche preferido por los ni\u00f1os\u201d aparte de \u201cMejor coche de Serie\u201d. \u00a0<b>Entre ellos el DS 5 sobresali\u00f3 y se llev\u00f3 la mayor parte de las miradas, todas con buenos ojos<\/b>.<\/p>\n<p style=\"text-align: justify;\">El nuevo veh\u00edculo es el estandarte de la firma DS y define su identidad, expresada en su nuevo frontal DS Wings, que aporta personalidad y estatus, en su innovador dise\u00f1o exterior y en su confortable interior, que refleja el cuidado en los detalles. <b>El DS 5 es un veh\u00edculo distinguido y elegante construido sobre la base del Citroen C4 pero con importantes novedades<\/b>, sobre todo en cuanto al equipamiento.<\/p>\n<p style=\"text-align: justify;\">Sus faros cuentan con la tecnolog\u00eda DS Led Vision, que combina LED y Xen\u00f3n, y<b> <\/b>el dise\u00f1o busca en todo momento que la experiencia de conducir sea gratificante. El techo acristalado <i>cockpit<\/i>, organizado alrededor de tres focos de luz, crea un entorno luminoso y personalizable tanto de d\u00eda como de noche.<\/p>\n<p style=\"text-align: justify;\">Adem\u00e1s, su equipamiento respecto a tecnolog\u00eda y conectividad es muy completo. <b>Dispone de una pantalla t\u00e1ctil de 7 pulgadas de \u00faltima generaci\u00f3n y de un nuevo sistema multimedia<\/b> que reduce el n\u00famero de botones, ofrece un acceso sencillo a todas las funciones e incluye un mecanismo de llamada autom\u00e1tico en caso de accidente.<\/p>\n","protected":false},"excerpt":{"rendered":"<p>El nuevo DS 5, presentado en primicia en el Sal\u00f3n del Autom\u00f3vil de Ginebra antes de que se comercialice en Europa en junio, ha sido elegido \u201cMejor Coche de Serie<\/p>\n","protected":false},"author":1,"featured_media":4951,"comment_status":"closed","ping_status":"open","sticky":false,"template":"","format":"standard","meta":{"footnotes":""},"categories":[1],"tags":[580,520],"class_list":["post-4944","post","type-post","status-publish","format-standard","has-post-thumbnail","hentry","category-actualidad","tag-ds-5","tag-salon-ginebra"],"_links":{"self":[{"href":"https:\/\/www.sibuscascoche.com\/noticias\/wp-json\/wp\/v2\/posts\/4944","targetHints":{"allow":["GET"]}}],"collection":[{"href":"https:\/\/www.sibuscascoche.com\/noticias\/wp-json\/wp\/v2\/posts"}],"about":[{"href":"https:\/\/www.sibuscascoche.com\/noticias\/wp-json\/wp\/v2\/types\/post"}],"author":[{"embeddable":true,"href":"https:\/\/www.sibuscascoche.com\/noticias\/wp-json\/wp\/v2\/users\/1"}],"replies":[{"embeddable":true,"href":"https:\/\/www.sibuscascoche.com\/noticias\/wp-json\/wp\/v2\/comments?post=4944"}],"version-history":[{"count":3,"href":"https:\/\/www.sibuscascoche.com\/noticias\/wp-json\/wp\/v2\/posts\/4944\/revisions"}],"predecessor-version":[{"id":4953,"href":"https:\/\/www.sibuscascoche.com\/noticias\/wp-json\/wp\/v2\/posts\/4944\/revisions\/4953"}],"wp:featuredmedia":[{"embeddable":true,"href":"https:\/\/www.sibuscascoche.com\/noticias\/wp-json\/wp\/v2\/media\/4951"}],"wp:attachment":[{"href":"https:\/\/www.sibuscascoche.com\/noticias\/wp-json\/wp\/v2\/media?parent=4944"}],"wp:term":[{"taxonomy":"category","embeddable":true,"href":"https:\/\/www.sibuscascoche.com\/noticias\/wp-json\/wp\/v2\/categories?post=4944"},{"taxonomy":"post_tag","embeddable":true,"href":"https:\/\/www.sibuscascoche.com\/noticias\/wp-json\/wp\/v2\/tags?post=4944"}],"curies":[{"name":"wp","href":"https:\/\/api.w.org\/{rel}","templated":true}]}}