{"id":4891,"date":"2015-05-19T13:14:28","date_gmt":"2015-05-19T11:14:28","guid":{"rendered":"https:\/\/www.sibuscascoche.com\/noticias\/?p=4891"},"modified":"2015-05-19T13:14:28","modified_gmt":"2015-05-19T11:14:28","slug":"nuevo-street-up","status":"publish","type":"post","link":"https:\/\/www.sibuscascoche.com\/noticias\/2015\/nuevo-street-up\/","title":{"rendered":"El nuevo Street Up"},"content":{"rendered":"<p style=\"text-align: justify;\" align=\"center\"><span style=\"font-size: 14px; line-height: 1.5em;\">Si ya conoces la <strong>gama Up!<\/strong>, ahora llega la nueva variante: <strong>Volkswagen Street Up!<\/strong>, el nuevo urbanita con prestaciones deportivas y din\u00e1micas con las que poder dominar la ciudad.<\/span><\/p>\n<p style=\"text-align: justify;\"><img loading=\"lazy\" decoding=\"async\" class=\"alignright size-full wp-image-4895\" alt=\"street up\" src=\"https:\/\/www.sibuscascoche.com\/noticias\/wp-content\/uploads\/2015\/04\/interior-street-up.jpg\" width=\"300\" height=\"200\" \/>El nuevo modelo presenta dos motores de 1.0 litros, uno de 60 CV combinado con una caja de cambios manual y otro de 75 CV que adem\u00e1s del cambio manual, se puede montar con la caja de cambios autom\u00e1tica ASG. Con un consumo de combustible situado entre los 4,5 y los 4,7 litros a los 100 km, las emisiones de CO2 se sit\u00faan entre los 103 y los 108 g\/km.<\/p>\n<p style=\"text-align: justify;\">La decoraci\u00f3n es exclusiva \u201cStreet\u201d que incluye los adhesivos identificadores en las puertas y cristales oscurecidos de las ventanas laterales y la luna trasera. Incorpora llantas deportivas de 16 pulgadas tipo Upsilon que mejoran su rendimiento y adem\u00e1s potencian su car\u00e1cter deportivo.<\/p>\n<p style=\"text-align: justify;\">Al interior el volante tiene un dise\u00f1o de tres brazos y est\u00e1 confeccionado en cuero, un material tambi\u00e9n presente en el pomo del cambio de marchas que incorpora adem\u00e1s el logo Up! Y las costuras \u201cLemon\u201d. La tapicer\u00eda de los asientos es espec\u00edfica y se complementa con el aire acondicionado y la radio CD.<\/p>\n<p>&nbsp;<\/p>\n","protected":false},"excerpt":{"rendered":"<p>Si ya conoces la gama Up!, ahora llega la nueva variante: Volkswagen Street Up!, el nuevo urbanita con prestaciones deportivas y din\u00e1micas con las que poder dominar la ciudad. El<\/p>\n","protected":false},"author":1,"featured_media":4894,"comment_status":"closed","ping_status":"open","sticky":false,"template":"","format":"standard","meta":{"footnotes":""},"categories":[1],"tags":[570],"class_list":["post-4891","post","type-post","status-publish","format-standard","has-post-thumbnail","hentry","category-actualidad","tag-street-up"],"_links":{"self":[{"href":"https:\/\/www.sibuscascoche.com\/noticias\/wp-json\/wp\/v2\/posts\/4891","targetHints":{"allow":["GET"]}}],"collection":[{"href":"https:\/\/www.sibuscascoche.com\/noticias\/wp-json\/wp\/v2\/posts"}],"about":[{"href":"https:\/\/www.sibuscascoche.com\/noticias\/wp-json\/wp\/v2\/types\/post"}],"author":[{"embeddable":true,"href":"https:\/\/www.sibuscascoche.com\/noticias\/wp-json\/wp\/v2\/users\/1"}],"replies":[{"embeddable":true,"href":"https:\/\/www.sibuscascoche.com\/noticias\/wp-json\/wp\/v2\/comments?post=4891"}],"version-history":[{"count":3,"href":"https:\/\/www.sibuscascoche.com\/noticias\/wp-json\/wp\/v2\/posts\/4891\/revisions"}],"predecessor-version":[{"id":4903,"href":"https:\/\/www.sibuscascoche.com\/noticias\/wp-json\/wp\/v2\/posts\/4891\/revisions\/4903"}],"wp:featuredmedia":[{"embeddable":true,"href":"https:\/\/www.sibuscascoche.com\/noticias\/wp-json\/wp\/v2\/media\/4894"}],"wp:attachment":[{"href":"https:\/\/www.sibuscascoche.com\/noticias\/wp-json\/wp\/v2\/media?parent=4891"}],"wp:term":[{"taxonomy":"category","embeddable":true,"href":"https:\/\/www.sibuscascoche.com\/noticias\/wp-json\/wp\/v2\/categories?post=4891"},{"taxonomy":"post_tag","embeddable":true,"href":"https:\/\/www.sibuscascoche.com\/noticias\/wp-json\/wp\/v2\/tags?post=4891"}],"curies":[{"name":"wp","href":"https:\/\/api.w.org\/{rel}","templated":true}]}}