{"id":4823,"date":"2015-05-22T14:17:17","date_gmt":"2015-05-22T12:17:17","guid":{"rendered":"https:\/\/www.sibuscascoche.com\/noticias\/?p=4823"},"modified":"2015-05-22T14:17:17","modified_gmt":"2015-05-22T12:17:17","slug":"silla-infantil-en-el-coche","status":"publish","type":"post","link":"https:\/\/www.sibuscascoche.com\/noticias\/2015\/silla-infantil-en-el-coche\/","title":{"rendered":"\u00bfQu\u00e9 tipo de silla infantil debo usar?"},"content":{"rendered":"<p><span style=\"font-size: 14px; line-height: 1.5em;\"><img loading=\"lazy\" decoding=\"async\" class=\"size-full wp-image-4828 alignleft\" alt=\"coches segunda mano\" src=\"https:\/\/www.sibuscascoche.com\/noticias\/wp-content\/uploads\/2015\/03\/interior-silla-infantil.jpg\" width=\"300\" height=\"200\" \/>Dentro de cualquier coche los ni\u00f1os son los pasajeros m\u00e1s vulnerables ya que su cuerpo es m\u00e1s fr\u00e1gil que el de un adulto por lo que el riesgo de lesiones en caso de accidente es mayor. Por eso, la silla infantil \u00a0para el coche es un objeto imprescindible cuando circulamos con ni\u00f1os.\u00a0<\/span><\/p>\n<p>Seg\u00fan la Asociaci\u00f3n Espa\u00f1ola de Pediatr\u00eda, las lesiones por accidente de tr\u00e1fico siguen siendo la primera causa de muerte en los ni\u00f1os mayores de 4 a\u00f1os en los pa\u00edses desarrollados. Un menor sin ninguna sujeci\u00f3n multiplica por 5 las posibilidades de recibir lesiones mortales. Si el ni\u00f1o no lleva una sujeci\u00f3n adecuada, puede salir disparado y golpearse contra el interior del coche.<\/p>\n<p>Es indispensable que la silla se adec\u00fae al peso y talla del ni\u00f1o y ser un producto homologado. Las sillas se clasifican en los grupos 0, 0+, 1, 2 y 3 y algunas combinan varios grupos con seguridad.<\/p>\n<p><img loading=\"lazy\" decoding=\"async\" class=\"wp-image-4829 alignright\" alt=\"coches segunda mano\" src=\"https:\/\/www.sibuscascoche.com\/noticias\/wp-content\/uploads\/2015\/03\/20121115121929_ZTZGDU.jpg\" width=\"335\" height=\"194\" srcset=\"https:\/\/www.sibuscascoche.com\/noticias\/wp-content\/uploads\/2015\/03\/20121115121929_ZTZGDU.jpg 465w, https:\/\/www.sibuscascoche.com\/noticias\/wp-content\/uploads\/2015\/03\/20121115121929_ZTZGDU-300x174.jpg 300w\" sizes=\"auto, (max-width: 335px) 100vw, 335px\" \/>&#8211; Grupo 0: de 0 a 10 kg o de 0 a 9 meses aproximadamente.<\/p>\n<p>&#8211; Grupo 0+: de 0 a 13 kg o de 0 a 18 meses aproximadamente.<\/p>\n<p>&#8211; Grupo 1: de 9 a 18 kg o de 9 meses a 4 a\u00f1os aproximadamente.<\/p>\n<p>&#8211; Grupo 2: de 15 a 25 kg o de 3 a 6 a\u00f1os.<\/p>\n<p>&#8211; Grupo 3: de 22 a 36 kg o de 6 a 12 a\u00f1os aproximadamente.<\/p>\n<p>A la hora de comprarla, hazlo en un establecimiento especializado o consulta con el vendedor todas las especificaciones que necesitas y posteriormente realiza una b\u00fasqueda del mismo modelo en internet ya que puedes encontrar portales con precios m\u00e1s econ\u00f3micos.<\/p>\n<p>Hay complementos que aumentan la seguridad de las sillas como es el caso del sistema Isofix, homologado con anclaje de la sillita a la carrocer\u00eda del coche y que facilita la colocaci\u00f3n y evita errores de instalaci\u00f3n. Adem\u00e1s de dos anclajes al asiento, tiene un tercer punto de anclaje denominado Top Tether que consiste en una pata de apoyo que sujeta la silla al suelo del veh\u00edculo.\u00a0 Pero no todos los coches permiten el sistema de anclaje Isofix por lo que antes de comprar la silla aseg\u00farate de consultar el manual del coche.<\/p>\n<p>Otro complemento es el coj\u00edn de seguridad, un sistema de protecci\u00f3n para ni\u00f1os del grupo 1 que consiste en un cierre anterior con un coj\u00edn de seguridad eliminando as\u00ed arneses de sujeci\u00f3n con lo que se consigue disminuir el riesgo de que los ni\u00f1os saquen los brazos y los desplazamientos cervicales.<\/p>\n<p>A la hora de colocar la silla, los asientos m\u00e1s seguros son los traseros y en concreto el central. La plaza del copiloto es la menor recomendable y nunca se puede utilizar si la silla va instalada en sentido contrario a la marcha y no se ha desconectado el airbag.<\/p>\n","protected":false},"excerpt":{"rendered":"<p>Dentro de cualquier coche los ni\u00f1os son los pasajeros m\u00e1s vulnerables ya que su cuerpo es m\u00e1s fr\u00e1gil que el de un adulto por lo que el riesgo de lesiones<\/p>\n","protected":false},"author":1,"featured_media":4827,"comment_status":"closed","ping_status":"open","sticky":false,"template":"","format":"standard","meta":{"footnotes":""},"categories":[1],"tags":[565,564],"class_list":["post-4823","post","type-post","status-publish","format-standard","has-post-thumbnail","hentry","category-actualidad","tag-ninos-coche","tag-silla-infantil"],"_links":{"self":[{"href":"https:\/\/www.sibuscascoche.com\/noticias\/wp-json\/wp\/v2\/posts\/4823","targetHints":{"allow":["GET"]}}],"collection":[{"href":"https:\/\/www.sibuscascoche.com\/noticias\/wp-json\/wp\/v2\/posts"}],"about":[{"href":"https:\/\/www.sibuscascoche.com\/noticias\/wp-json\/wp\/v2\/types\/post"}],"author":[{"embeddable":true,"href":"https:\/\/www.sibuscascoche.com\/noticias\/wp-json\/wp\/v2\/users\/1"}],"replies":[{"embeddable":true,"href":"https:\/\/www.sibuscascoche.com\/noticias\/wp-json\/wp\/v2\/comments?post=4823"}],"version-history":[{"count":10,"href":"https:\/\/www.sibuscascoche.com\/noticias\/wp-json\/wp\/v2\/posts\/4823\/revisions"}],"predecessor-version":[{"id":5127,"href":"https:\/\/www.sibuscascoche.com\/noticias\/wp-json\/wp\/v2\/posts\/4823\/revisions\/5127"}],"wp:featuredmedia":[{"embeddable":true,"href":"https:\/\/www.sibuscascoche.com\/noticias\/wp-json\/wp\/v2\/media\/4827"}],"wp:attachment":[{"href":"https:\/\/www.sibuscascoche.com\/noticias\/wp-json\/wp\/v2\/media?parent=4823"}],"wp:term":[{"taxonomy":"category","embeddable":true,"href":"https:\/\/www.sibuscascoche.com\/noticias\/wp-json\/wp\/v2\/categories?post=4823"},{"taxonomy":"post_tag","embeddable":true,"href":"https:\/\/www.sibuscascoche.com\/noticias\/wp-json\/wp\/v2\/tags?post=4823"}],"curies":[{"name":"wp","href":"https:\/\/api.w.org\/{rel}","templated":true}]}}