{"id":4811,"date":"2015-05-26T13:47:53","date_gmt":"2015-05-26T11:47:53","guid":{"rendered":"https:\/\/www.sibuscascoche.com\/noticias\/?p=4811"},"modified":"2015-05-26T13:49:02","modified_gmt":"2015-05-26T11:49:02","slug":"refinado-skoda-superb","status":"publish","type":"post","link":"https:\/\/www.sibuscascoche.com\/noticias\/2015\/refinado-skoda-superb\/","title":{"rendered":"El refinado Skoda Superb"},"content":{"rendered":"<p style=\"text-align: justify;\" align=\"center\"><strong>Berlina, espacio y dise\u00f1o, todo en uno<\/strong> \u00bfes posible? Ahora parece que s\u00ed con el Skoda Superb. <strong>Espacio y practicidad con un interior enorme<\/strong> sobre todo en las plazas traseras y el maletero.\u00a0Y es que con el Superb comienza una nueva era para Skoda, hecho que ha quedado patente durante el Sal\u00f3n de Ginebra: llega <strong>\u201cEl mejor Skoda de todos los tiempos\u201d.<\/strong><\/p>\n<p style=\"text-align: justify;\"><img loading=\"lazy\" decoding=\"async\" class=\"alignright size-full wp-image-4814\" alt=\"coches segunda mano\" src=\"https:\/\/www.sibuscascoche.com\/noticias\/wp-content\/uploads\/2015\/03\/interior-skoda-superb.jpg\" width=\"300\" height=\"200\" \/>Esta tercera generaci\u00f3n aterriza con <strong>acabados Active, Ambition, Style y Laurin &amp; Klement<\/strong> y con cinco motores gasolina TSI de 125 a 280 CV y tres diesel TDI common-rail de 120 a 190 CV. Con un <strong>dise\u00f1o totalmente renovado<\/strong>, nuevos sistemas de seguridad, motores m\u00e1s eficientes y mayor conectividad. Impresiona \u00bfverdad? Ha adoptado nuevas l\u00edneas de dise\u00f1o y en el frontal destacan la amplia parrilla y los grupos \u00f3pticos. <strong>El lateral apuesta por el dinamismo<\/strong> mientras que la zaga exhibe luces LED con la ya caracter\u00edstica forma en C.<\/p>\n<p style=\"text-align: justify;\">Es m\u00e1s largo, m\u00e1s ancho y m\u00e1s alto con 28, 47 y 6 mm m\u00e1s respectivamente. Aumenta su distancia entre ejes con 80 mm m\u00e1s adicionales y un voladizo delantero m\u00e1s corto (61 mm menos) que dan como resultado <strong>un interior m\u00e1s espacioso y c\u00f3modo.<\/strong> En la parte trasera el espacio para reposar las rodillas cuenta con 157 m\u00e1s. \u00bfEl maletero? Aumenta su capacidad hasta los 625 litros y 1.760 con los asientos abatidos.<\/p>\n<p style=\"text-align: justify;\">Es el primer modelo de la casa Skoda que cuenta con suspensi\u00f3n adaptativa DCC y que incluye varios tipos de conducci\u00f3n: est\u00e1ndar, deportivo o confort. Adem\u00e1s tiene m\u00faltiples opciones disponibles como el climatizador trizona, el techo solar el\u00e9ctrico o el nuevo port\u00f3n trasero el\u00e9ctrico con funci\u00f3n de apertura autom\u00e1tica.<\/p>\n<p style=\"text-align: justify;\">Tambi\u00e9n la conectividad es una de las grandes apuestas del Skoda Superb que incluye cuatro nuevos sistemas de infoentretenimiento basados en la tecnolog\u00eda de plataforma modular del grupo Volkswagen.<\/p>\n<p style=\"text-align: justify;\">En la mec\u00e1nica la berlina checa<strong> promete con un consumo y unas emisiones hasta un 30% menores.<\/strong> La iluminaci\u00f3n tambi\u00e9n tiene su punto fuerte y es que se ha mejorado para incrementar la seguridad por la noche. As\u00ed, las luces delanteras cuentan con tecnolog\u00eda hal\u00f3gena o l\u00e1mpara bi-xen\u00f3n que incluyen la funci\u00f3n AFS y luces diurnas tipo LED.<\/p>\n<p style=\"text-align: justify;\"><strong>Un Skoda Superb sencillamente\u2026espectacular.<\/strong><\/p>\n","protected":false},"excerpt":{"rendered":"<p>Berlina, espacio y dise\u00f1o, todo en uno \u00bfes posible? Ahora parece que s\u00ed con el Skoda Superb. Espacio y practicidad con un interior enorme sobre todo en las plazas traseras<\/p>\n","protected":false},"author":1,"featured_media":4813,"comment_status":"closed","ping_status":"open","sticky":false,"template":"","format":"standard","meta":{"footnotes":""},"categories":[1],"tags":[519,560,264,561],"class_list":["post-4811","post","type-post","status-publish","format-standard","has-post-thumbnail","hentry","category-actualidad","tag-ginebra","tag-salon-ginegra","tag-skoda","tag-superb"],"_links":{"self":[{"href":"https:\/\/www.sibuscascoche.com\/noticias\/wp-json\/wp\/v2\/posts\/4811","targetHints":{"allow":["GET"]}}],"collection":[{"href":"https:\/\/www.sibuscascoche.com\/noticias\/wp-json\/wp\/v2\/posts"}],"about":[{"href":"https:\/\/www.sibuscascoche.com\/noticias\/wp-json\/wp\/v2\/types\/post"}],"author":[{"embeddable":true,"href":"https:\/\/www.sibuscascoche.com\/noticias\/wp-json\/wp\/v2\/users\/1"}],"replies":[{"embeddable":true,"href":"https:\/\/www.sibuscascoche.com\/noticias\/wp-json\/wp\/v2\/comments?post=4811"}],"version-history":[{"count":3,"href":"https:\/\/www.sibuscascoche.com\/noticias\/wp-json\/wp\/v2\/posts\/4811\/revisions"}],"predecessor-version":[{"id":4816,"href":"https:\/\/www.sibuscascoche.com\/noticias\/wp-json\/wp\/v2\/posts\/4811\/revisions\/4816"}],"wp:featuredmedia":[{"embeddable":true,"href":"https:\/\/www.sibuscascoche.com\/noticias\/wp-json\/wp\/v2\/media\/4813"}],"wp:attachment":[{"href":"https:\/\/www.sibuscascoche.com\/noticias\/wp-json\/wp\/v2\/media?parent=4811"}],"wp:term":[{"taxonomy":"category","embeddable":true,"href":"https:\/\/www.sibuscascoche.com\/noticias\/wp-json\/wp\/v2\/categories?post=4811"},{"taxonomy":"post_tag","embeddable":true,"href":"https:\/\/www.sibuscascoche.com\/noticias\/wp-json\/wp\/v2\/tags?post=4811"}],"curies":[{"name":"wp","href":"https:\/\/api.w.org\/{rel}","templated":true}]}}