{"id":4757,"date":"2015-04-27T17:01:30","date_gmt":"2015-04-27T15:01:30","guid":{"rendered":"https:\/\/www.sibuscascoche.com\/noticias\/?p=4757"},"modified":"2015-07-31T12:17:27","modified_gmt":"2015-07-31T10:17:27","slug":"berlinas-compactas","status":"publish","type":"post","link":"https:\/\/www.sibuscascoche.com\/noticias\/2015\/berlinas-compactas\/","title":{"rendered":"Berlinas compactas: Cualidades y puntos d\u00e9biles"},"content":{"rendered":"<p style=\"text-align: justify;\">Las <span style=\"color: #0071b9;\"><a href=\"https:\/\/www.sibuscascoche.com\/carroceria\/berlina\"><span style=\"color: #0071b9;\">berlinas<\/span><\/a><\/span> son los coches m\u00e1s tradicionales del mercado y aunque en los \u00faltimos tiempos en Europa los veh\u00edculos de tres vol\u00famenes han ido perdiendo algo de gancho en favor de los hatchback, los monovol\u00famenes y hasta los SUV, hay que reconocer que su arquitectura cl\u00e1sica con maletero separado, sigue siendo la m\u00e1s valorada en mercados emergentes. Esa es la raz\u00f3n por la que muchas <b>marcas est\u00e1n desarrollando berlinas compactas y espec\u00edficas para estos pa\u00edses. <\/b><\/p>\n<p style=\"text-align: justify;\">Las berlinas compactas son un segmento que se basa en las carrocer\u00edas hacthback de los coches compactos, a las que se a\u00f1aden un tercer volumen destinado a un maletero con capacidades considerables. El comportamiento de estos coches es satisfactorio en carretera y su tama\u00f1o no es tan desmesurado como para que suponga un incordio conducirlos en ciudad.<\/p>\n<p style=\"text-align: justify;\">Aqu\u00ed te mostramos algunas berlinas compactas con sus cualidades y puntos d\u00e9biles m\u00e1s destacados:<\/p>\n<p style=\"text-align: justify;\"><b><span style=\"text-decoration: underline;\">Audi A3 Sed\u00e1n<\/span><\/b><\/p>\n<p style=\"text-align: justify;\"><img loading=\"lazy\" decoding=\"async\" class=\"alignright size-full wp-image-4760\" alt=\"Audi Galicia\" src=\"https:\/\/www.sibuscascoche.com\/noticias\/wp-content\/uploads\/2015\/03\/audi.jpg\" width=\"300\" height=\"200\" \/>Es ligeramente mayor que el resto de la familia A3 y algo m\u00e1s peque\u00f1o que el A4 y se trata de un producto global, con un claro enfoque a los mercados chino y norteamericano, donde estas carrocer\u00edas de tres vol\u00famenes tienen mucho tir\u00f3n.<\/p>\n<p style=\"text-align: justify;\">Su interior destaca por la gran calidad de materiales empleados con un equipamiento completo, lo que lo coloca como una de las opciones m\u00e1s caras del segmento. Sin embargo, no es muy amplio para cinco ocupantes pero s\u00ed est\u00e1 bien para cuatro adultos, sobre todo en espacio para las piernas, y su maletero, sin ser de los m\u00e1s grandes del segmento, es bastante eficaz.<\/p>\n<p><b><span style=\"text-decoration: underline;\"><img loading=\"lazy\" decoding=\"async\" class=\"size-full wp-image-4761 alignleft\" alt=\"Concesionario Galicia\" src=\"https:\/\/www.sibuscascoche.com\/noticias\/wp-content\/uploads\/2015\/03\/chevrolet.jpg\" width=\"300\" height=\"200\" \/>Chevrolet Cruze Sed\u00e1n<\/span><\/b><\/p>\n<p>Es una de las berlinas compactas con mejor relaci\u00f3n calidad-precio en el mercado. Se trata de un coche muy amplio para cuatro personas pero algo justo para cinco ocupantes, como la mayor\u00eda de berlinas compactas. A su vez, cuenta con numerosos detalles pr\u00e1cticos, como los huecos para dejar objetos.<\/p>\n<p style=\"text-align: justify;\">No se trata de un modelo con orientaci\u00f3n deportiva, los acabados son correctos y sin materiales muy lujos, sino que est\u00e1 m\u00e1s pensado para viajar c\u00f3modo.<\/p>\n<p style=\"text-align: justify;\"><b><span style=\"text-decoration: underline;\"><img loading=\"lazy\" decoding=\"async\" class=\"alignright size-full wp-image-4762\" alt=\"Toyota Galicia\" src=\"https:\/\/www.sibuscascoche.com\/noticias\/wp-content\/uploads\/2015\/03\/toyota.jpg\" width=\"300\" height=\"200\" \/>Toyota Prius<\/span><\/b><\/p>\n<p style=\"text-align: justify;\">A pesar de no ser una berlina compacta al uso, podemos encuadrarlo en ese segmento. Destaca por su amplio espacio interior para las piernas en las plazas traseras. Tiene poca altura en el techo, condicionada por el dise\u00f1o exterior, pensado en ser muy eficiente aerodin\u00e1micamente. Su maletero es m\u00e1s que correcto, de 446 litros de capacidad.<\/p>\n<p style=\"text-align: justify;\">Esta berlina se caracteriza por sus bajos consumos en ciudad y la suavidad de funcionamiento, perfecto para conductores tranquilos.<\/p>\n<p><b><span style=\"text-decoration: underline;\"><img loading=\"lazy\" decoding=\"async\" class=\"size-full wp-image-4764 alignleft\" alt=\"Coches ocasi\u00f3n\" src=\"https:\/\/www.sibuscascoche.com\/noticias\/wp-content\/uploads\/2015\/03\/skoda_octavia_1_2_tsi_5188.jpg\" width=\"300\" height=\"200\" \/>Skoda Octavia<\/span><\/b><\/p>\n<p style=\"text-align: justify;\">Sin duda, la tercera generaci\u00f3n del Skoda Octavia, que llego al mercado en primavera de 2013, mejor\u00f3 mucho. Estren\u00f3 dise\u00f1o, mejor\u00f3 su calidad y creci\u00f3 en tama\u00f1o, sobre todo la distancia entre ejes, que hizo que su interior sobresaliese frente a los dem\u00e1s como el mayor del segmento.<\/p>\n<p style=\"text-align: justify;\">Y adem\u00e1s, a\u00f1adi\u00f3 un maletero m\u00e1s grande, con 590 litros, mucho m\u00e1s que el resto de sus competidores.<\/p>\n<p>&nbsp;<\/p>\n","protected":false},"excerpt":{"rendered":"<p>Las berlinas son los coches m\u00e1s tradicionales del mercado y aunque en los \u00faltimos tiempos en Europa los veh\u00edculos de tres vol\u00famenes han ido perdiendo algo de gancho en favor<\/p>\n","protected":false},"author":6,"featured_media":4759,"comment_status":"closed","ping_status":"open","sticky":false,"template":"","format":"standard","meta":{"footnotes":""},"categories":[1],"tags":[115,492],"class_list":["post-4757","post","type-post","status-publish","format-standard","has-post-thumbnail","hentry","category-actualidad","tag-berlinas","tag-coches"],"_links":{"self":[{"href":"https:\/\/www.sibuscascoche.com\/noticias\/wp-json\/wp\/v2\/posts\/4757","targetHints":{"allow":["GET"]}}],"collection":[{"href":"https:\/\/www.sibuscascoche.com\/noticias\/wp-json\/wp\/v2\/posts"}],"about":[{"href":"https:\/\/www.sibuscascoche.com\/noticias\/wp-json\/wp\/v2\/types\/post"}],"author":[{"embeddable":true,"href":"https:\/\/www.sibuscascoche.com\/noticias\/wp-json\/wp\/v2\/users\/6"}],"replies":[{"embeddable":true,"href":"https:\/\/www.sibuscascoche.com\/noticias\/wp-json\/wp\/v2\/comments?post=4757"}],"version-history":[{"count":6,"href":"https:\/\/www.sibuscascoche.com\/noticias\/wp-json\/wp\/v2\/posts\/4757\/revisions"}],"predecessor-version":[{"id":6150,"href":"https:\/\/www.sibuscascoche.com\/noticias\/wp-json\/wp\/v2\/posts\/4757\/revisions\/6150"}],"wp:featuredmedia":[{"embeddable":true,"href":"https:\/\/www.sibuscascoche.com\/noticias\/wp-json\/wp\/v2\/media\/4759"}],"wp:attachment":[{"href":"https:\/\/www.sibuscascoche.com\/noticias\/wp-json\/wp\/v2\/media?parent=4757"}],"wp:term":[{"taxonomy":"category","embeddable":true,"href":"https:\/\/www.sibuscascoche.com\/noticias\/wp-json\/wp\/v2\/categories?post=4757"},{"taxonomy":"post_tag","embeddable":true,"href":"https:\/\/www.sibuscascoche.com\/noticias\/wp-json\/wp\/v2\/tags?post=4757"}],"curies":[{"name":"wp","href":"https:\/\/api.w.org\/{rel}","templated":true}]}}