{"id":4527,"date":"2015-03-04T16:27:32","date_gmt":"2015-03-04T15:27:32","guid":{"rendered":"https:\/\/www.sibuscascoche.com\/noticias\/?p=4527"},"modified":"2015-06-23T12:53:24","modified_gmt":"2015-06-23T10:53:24","slug":"salon-de-ginebra-2015","status":"publish","type":"post","link":"https:\/\/www.sibuscascoche.com\/noticias\/2015\/salon-de-ginebra-2015\/","title":{"rendered":"El sal\u00f3n de Ginebra 2015 es 4&#215;4"},"content":{"rendered":"<p><span style=\"font-size: 14px; line-height: 1.5em;\">Parece que los todoterrenos se han convertido en los reyes del mercado viendo el comienzo del<strong> Sal\u00f3n de Ginebra<\/strong> de este a\u00f1o. Ahora es el momento de <span style=\"color: #0071b9;\"><a href=\"https:\/\/www.sibuscascoche.com\/carroceria\/todoterreno\"><span style=\"color: #0071b9;\">comprar todocaminos<\/span><\/a><\/span>\u00a0porque est\u00e1n en alza y todas las casas apuestan por esta carrocer\u00eda porque no quieren quedarse atr\u00e1s en el auge del 4&#215;4. El pasado a\u00f1o se vendieron 18 millones de coches de la gama SUV (Sport Utility Vehicle) en todo el mundo. Estos \u201cgrandes\u201d tienen especial feeling con Europa donde copan una de cada cuatro ventas realizadas. Adem\u00e1s se prev\u00e9 que sea un nicho de mercado en crecimiento en los pr\u00f3ximos a\u00f1os.<\/span><\/p>\n<p><img loading=\"lazy\" decoding=\"async\" class=\"alignright size-full wp-image-4529\" alt=\"coches ocasi\u00f3n\" src=\"https:\/\/www.sibuscascoche.com\/noticias\/wp-content\/uploads\/2015\/03\/interior-sal\u00f3n-de-ginebra.jpg\" width=\"300\" height=\"200\" \/>&#8211; En este ya famoso sal\u00f3n podemos ver <strong>novedades como el Infiniti QX30<\/strong>, un nuevo SUV compacto que llega \u201cpisando\u201d fuerte para hacer frente al Audi Q3 o el Mercedes GLA.<\/p>\n<p>&#8211; El tan esperado<strong> Honda Civic Type R<\/strong>. El deportivo que utiliza un fondo plano en su carrocer\u00eda y un difusor trasero aerodin\u00e1mico que estabiliza el coche junto con el aler\u00f3n superior a gran velocidad. Dicen que ser\u00e1 el Honda m\u00e1s deportivo y r\u00e1pido \u00a1de toda la gama!<\/p>\n<p>&#8211; Se ha hecho esperar pero tambi\u00e9n aterriza en el Sal\u00f3n el ya famoso <strong>Renault Kadjar,<\/strong> un SUV que tambi\u00e9n quiere competir en el segmento 4&#215;4 y que se vender\u00e1 en principio s\u00f3lo con carrocer\u00eda de 5 plazas.<\/p>\n<p>&#8211; <strong>La versi\u00f3n m\u00e1s potente del Ford Focus<\/strong> con sistema de tracci\u00f3n total a las cuatro ruedas tambi\u00e9n llega en Ginebra. Ser\u00e1n 320 CV los producidos por el motor cuatro cilindros EcoBoost\u2026<\/p>\n<p>&#8211; La casa italiana<strong> Ferrari<\/strong> tambi\u00e9n llega con novedades en su modelo 488 GTB que rinde 670 CV que transmite a trav\u00e9s de una nueva caja de cambios autom\u00e1tica.<\/p>\n<p>&#8211; <span style=\"color: #0071b9;\"><a href=\"http:\/\/www.skoda.es\/\" target=\"_blank\" rel=\"noopener\"><span style=\"color: #0071b9;\">Skoda<\/span><\/a><\/span> comienza una ambiciosa etapa presentando el <strong>Skoda Superb<\/strong>, una berlina que se anuncia como el \u201cmejor Skoda de todos los tiempos\u201d con alta calidad, tecnolog\u00eda y equipamiento.<\/p>\n<p>Pero este es solo un delante de lo que nos espera en el <strong>Sal\u00f3n de Ginebra<\/strong>. No s\u00f3lo habr\u00e1 todoterrenos sino que abundar\u00e1n los deportivos, s\u00faper deportivos, de calle, de circuito y hasta coches de carreras. Sin dejar a un lado los utilitarios, turismos para todos los bolsillos y muchos prototipos. Estamos seguros de que las marcas pondr\u00e1n toda la carne en el asador y nosotros te contaremos todos una vez finalizado \ud83d\ude09<\/p>\n<p style=\"text-align: justify;\">\n","protected":false},"excerpt":{"rendered":"<p>Parece que los todoterrenos se han convertido en los reyes del mercado viendo el comienzo del Sal\u00f3n de Ginebra de este a\u00f1o. Ahora es el momento de comprar todocaminos\u00a0porque est\u00e1n<\/p>\n","protected":false},"author":1,"featured_media":4528,"comment_status":"closed","ping_status":"open","sticky":false,"template":"","format":"standard","meta":{"footnotes":""},"categories":[1],"tags":[521,519,504,517,518,520],"class_list":["post-4527","post","type-post","status-publish","format-standard","has-post-thumbnail","hentry","category-actualidad","tag-exposicion","tag-ginebra","tag-novedades","tag-salon-automovil","tag-salon-coches","tag-salon-ginebra"],"_links":{"self":[{"href":"https:\/\/www.sibuscascoche.com\/noticias\/wp-json\/wp\/v2\/posts\/4527","targetHints":{"allow":["GET"]}}],"collection":[{"href":"https:\/\/www.sibuscascoche.com\/noticias\/wp-json\/wp\/v2\/posts"}],"about":[{"href":"https:\/\/www.sibuscascoche.com\/noticias\/wp-json\/wp\/v2\/types\/post"}],"author":[{"embeddable":true,"href":"https:\/\/www.sibuscascoche.com\/noticias\/wp-json\/wp\/v2\/users\/1"}],"replies":[{"embeddable":true,"href":"https:\/\/www.sibuscascoche.com\/noticias\/wp-json\/wp\/v2\/comments?post=4527"}],"version-history":[{"count":12,"href":"https:\/\/www.sibuscascoche.com\/noticias\/wp-json\/wp\/v2\/posts\/4527\/revisions"}],"predecessor-version":[{"id":5707,"href":"https:\/\/www.sibuscascoche.com\/noticias\/wp-json\/wp\/v2\/posts\/4527\/revisions\/5707"}],"wp:featuredmedia":[{"embeddable":true,"href":"https:\/\/www.sibuscascoche.com\/noticias\/wp-json\/wp\/v2\/media\/4528"}],"wp:attachment":[{"href":"https:\/\/www.sibuscascoche.com\/noticias\/wp-json\/wp\/v2\/media?parent=4527"}],"wp:term":[{"taxonomy":"category","embeddable":true,"href":"https:\/\/www.sibuscascoche.com\/noticias\/wp-json\/wp\/v2\/categories?post=4527"},{"taxonomy":"post_tag","embeddable":true,"href":"https:\/\/www.sibuscascoche.com\/noticias\/wp-json\/wp\/v2\/tags?post=4527"}],"curies":[{"name":"wp","href":"https:\/\/api.w.org\/{rel}","templated":true}]}}