{"id":4409,"date":"2015-03-03T17:15:23","date_gmt":"2015-03-03T16:15:23","guid":{"rendered":"https:\/\/www.sibuscascoche.com\/noticias\/?p=4409"},"modified":"2015-03-04T11:46:32","modified_gmt":"2015-03-04T10:46:32","slug":"bmw-iconic-lights","status":"publish","type":"post","link":"https:\/\/www.sibuscascoche.com\/noticias\/2015\/bmw-iconic-lights\/","title":{"rendered":"Alg\u00fan d\u00eda los faros ser\u00e1n as\u00ed: BMW M4 Concept Iconic Lights"},"content":{"rendered":"<p style=\"text-align: justify\"><b>Las \u00f3pticas l\u00e1ser <\/b>ocasionaron en 2014 un divertido enfrentamiento entre BMW y Audi por ver qui\u00e9n era el primero en llevarlas a las calles en un coche de producci\u00f3n. A d\u00eda de hoy las dos marcas pueden anotarse este logro.\u00a0<b>BMW <\/b>ha mostrado en una de las ferias m\u00e1s importantes en electr\u00f3nica, <b>el CES 2015 en Las Vegas<\/b>, nuevas evidencias de su intenci\u00f3n de hacerse con el liderazgo en el desarrollo de luces l\u00e1ser presentando su <b>BMW M4 Concept Iconic Lights.<\/b><\/p>\n<p style=\"text-align: justify\"><img loading=\"lazy\" decoding=\"async\" class=\"alignright size-full wp-image-4421\" alt=\"coches ocasi\u00f3n\" src=\"https:\/\/www.sibuscascoche.com\/noticias\/wp-content\/uploads\/2015\/02\/interior-bmw-iconic-lights.jpg\" width=\"300\" height=\"200\" \/>Bajo esta denominaci\u00f3n<b>, BMW M4 Concept Iconic Lights<\/b>, nos encontramos con un BMW M4 Coup\u00e9 que presenta luces l\u00e1ser en los faros delanteros y traseros. Las principales ventajas de este tipo de faros es que permiten un haz de luz de hasta 600 metros, pero por supuesto, no es esta la \u00fanica novedad.<\/p>\n<p style=\"text-align: justify\">Novedades de este nuevo sistema de iluminaci\u00f3n <b>BMW M4 Iconic Lights:<\/b><\/p>\n<ul style=\"text-align: justify\">\n<li>Este tipo de iluminaci\u00f3n est\u00e1 <b>asociado al sistema de navegaci\u00f3n<\/b>, de este modo el coche puede iluminar zonas peligrosas de la carretera con mucha antelaci\u00f3n. Adem\u00e1s, la <b>tecnolog\u00eda Laserlight<\/b> permite detectar a personas o animales a una distancia de hasta 100 metros.<\/li>\n<li>Estas \u00f3pticas son <b>hasta 10 veces m\u00e1s potentes que las luces hal\u00f3genas<\/b>, que el xen\u00f3n o que las luces LED, pero al mismo tiempo m\u00e1s eficientes, consumiendo <b>hasta un 30% menos de energ\u00eda.<\/b><\/li>\n<li><b>Sistema de anti deslumbramiento<\/b> para los coches que vienen de frente. Gracias al <b>sistema BMW Selective Beam <\/b>no se deslumbra al resto de veh\u00edculos de la carretera<\/li>\n<li>En la parte trasera encontramos unas <b>nuevas luces OLED<\/b> que se encargan de reducir el gasto energ\u00e9tico. A diferencia de los conocidos LED, que producen una fuente de luz puntual, los OLED crean una <b>luz uniforme en toda su superficie<\/b>.<\/li>\n<li>El BMW M4 Iconic Lights Concept se ha aprovechado de las ventajas de la tecnolog\u00eda OLED y por ello ha creado <b>la BMW Organic Light <\/b>para los pilotos traseros. Mediante la activaci\u00f3n de los zonas OLED individualmente, es posible crear diferentes efectos de iluminaci\u00f3n en la trasera. Es decir, puede pasar a tener un modo \u2018sport\u2019 con una imagen mucho m\u00e1s deportiva.<\/li>\n<\/ul>\n<p style=\"text-align: justify\">La tecnolog\u00eda l\u00e1ser es el pr\u00f3ximo gran avance dentro del mundo de las \u00f3pticas y poco a poco lo iremos viendo en m\u00e1s modelos. Ahora queda preguntarnos cu\u00e1l ser\u00e1 el pr\u00f3ximo modelo de BMW en llevar las \u00f3pticas l\u00e1ser a producci\u00f3n, as\u00ed como las \u00f3pticas OLED. Posiblemente el pr\u00f3ximo BMW Serie 7, al cual conoceremos pronto, sea el encargado de estrenar, m\u00e1s all\u00e1 del BMW i8, estas \u00f3pticas.<\/p>\n","protected":false},"excerpt":{"rendered":"<p>Las \u00f3pticas l\u00e1ser ocasionaron en 2014 un divertido enfrentamiento entre BMW y Audi por ver qui\u00e9n era el primero en llevarlas a las calles en un coche de producci\u00f3n. A<\/p>\n","protected":false},"author":6,"featured_media":4420,"comment_status":"closed","ping_status":"open","sticky":false,"template":"","format":"standard","meta":{"footnotes":""},"categories":[1],"tags":[492,504,177],"class_list":["post-4409","post","type-post","status-publish","format-standard","has-post-thumbnail","hentry","category-actualidad","tag-coches","tag-novedades","tag-tecnologia"],"_links":{"self":[{"href":"https:\/\/www.sibuscascoche.com\/noticias\/wp-json\/wp\/v2\/posts\/4409","targetHints":{"allow":["GET"]}}],"collection":[{"href":"https:\/\/www.sibuscascoche.com\/noticias\/wp-json\/wp\/v2\/posts"}],"about":[{"href":"https:\/\/www.sibuscascoche.com\/noticias\/wp-json\/wp\/v2\/types\/post"}],"author":[{"embeddable":true,"href":"https:\/\/www.sibuscascoche.com\/noticias\/wp-json\/wp\/v2\/users\/6"}],"replies":[{"embeddable":true,"href":"https:\/\/www.sibuscascoche.com\/noticias\/wp-json\/wp\/v2\/comments?post=4409"}],"version-history":[{"count":5,"href":"https:\/\/www.sibuscascoche.com\/noticias\/wp-json\/wp\/v2\/posts\/4409\/revisions"}],"predecessor-version":[{"id":4518,"href":"https:\/\/www.sibuscascoche.com\/noticias\/wp-json\/wp\/v2\/posts\/4409\/revisions\/4518"}],"wp:featuredmedia":[{"embeddable":true,"href":"https:\/\/www.sibuscascoche.com\/noticias\/wp-json\/wp\/v2\/media\/4420"}],"wp:attachment":[{"href":"https:\/\/www.sibuscascoche.com\/noticias\/wp-json\/wp\/v2\/media?parent=4409"}],"wp:term":[{"taxonomy":"category","embeddable":true,"href":"https:\/\/www.sibuscascoche.com\/noticias\/wp-json\/wp\/v2\/categories?post=4409"},{"taxonomy":"post_tag","embeddable":true,"href":"https:\/\/www.sibuscascoche.com\/noticias\/wp-json\/wp\/v2\/tags?post=4409"}],"curies":[{"name":"wp","href":"https:\/\/api.w.org\/{rel}","templated":true}]}}