{"id":4397,"date":"2015-03-03T16:36:08","date_gmt":"2015-03-03T15:36:08","guid":{"rendered":"https:\/\/www.sibuscascoche.com\/noticias\/?p=4397"},"modified":"2015-03-04T11:47:54","modified_gmt":"2015-03-04T10:47:54","slug":"e-golf-intelligent","status":"publish","type":"post","link":"https:\/\/www.sibuscascoche.com\/noticias\/2015\/e-golf-intelligent\/","title":{"rendered":"E-Golf Intelligent Charge, la carga de inducci\u00f3n anima los el\u00e9ctricos"},"content":{"rendered":"<p style=\"text-align: justify\">La recarga de las bater\u00edas en los turismos el\u00e9ctricos es uno de los aspectos fundamentales para el crecimiento en el desarrollo de este tipo de veh\u00edculos. <b>Volkswagen <\/b>da un paso m\u00e1s en la innovaci\u00f3n en este \u00e1mbito. La marca alemana ha presentado en <b>CES Las Vegas <\/b>un m\u00e9todo para facilitar que el uso de los veh\u00edculos el\u00e9ctricos sea m\u00e1s c\u00f3modo en el futuro: <b>E-Golf Intelligent Charge.<\/b> Un nuevo sistema de carga por inducci\u00f3n, sustituyendo as\u00ed al cable.<\/p>\n<p style=\"text-align: justify\"><b><img loading=\"lazy\" decoding=\"async\" class=\"alignright size-full wp-image-4446\" alt=\"Veh\u00edculos de ocasi\u00f3n\" src=\"https:\/\/www.sibuscascoche.com\/noticias\/wp-content\/uploads\/2015\/02\/interior-egolf.jpg\" width=\"300\" height=\"200\" \/>La carga por inducci\u00f3n<\/b> es el pilar fundamental de este proyecto, que a medio plazo simplificar\u00e1 de forma significativa el uso de veh\u00edculos el\u00e9ctricos, ya que solo hay que aparcar el coche sobre una placa de carga. A dem\u00e1s, en un futuro, los usuarios podr\u00e1n saber c\u00f3mo se encuentra el proceso de carga a trav\u00e9s de las <b>luces LED<\/b> del veh\u00edculo. Gracias a la <b>E-Station Guide<\/b>, los conductores de veh\u00edculos el\u00e9ctricos no solo podr\u00e1n encontrar una estaci\u00f3n de carga, sino tambi\u00e9n obtener informaci\u00f3n de su localizaci\u00f3n, equipamiento y las opciones de pago. Por \u00faltimo tenemos a la <b>Digital Key<\/b>, una llave electr\u00f3nica que permite, entre otras cosas, abrir las puertas del veh\u00edculo o arrancar el motor a trav\u00e9s de un tel\u00e9fono m\u00f3vil o smartwatch.<\/p>\n<p style=\"text-align: justify\"><b>1. <\/b><b>Carga inal\u00e1mbrica<\/b><\/p>\n<p style=\"text-align: justify\">La tecnolog\u00eda de carga por inducci\u00f3n no es nueva, lo \u00fanico que tiene que hacer el usuario es aparcar el veh\u00edculo sobre una placa de carga y comenzar\u00e1 a cargarse sin necesidad de cables.<\/p>\n<p style=\"text-align: justify\">Una vez aparcado, un elevador se encarga de aproximar la placa a los bajos del autom\u00f3vil, comenzando entonces la transmisi\u00f3n de energ\u00eda por campo electromagn\u00e9tico entre dos bobinas (una situada en el coche y otra en suelo de la plaza). Lo bueno de que la placa est\u00e9 tan pr\u00f3xima al coche es que se queda un m\u00ednimo de aire entre las dos boninas, ayudando a lograr una mayor eficiencia energ\u00e9tica (del 93%).<\/p>\n<p style=\"text-align: justify\"><b>2. <\/b><b>Comprobaci\u00f3n de carga a trav\u00e9s de los faros LED<\/b>:<\/p>\n<p style=\"text-align: justify\">En el E-Golf que han presentado en las Vegas, se incluye un sistema de control de carga integrado en las luces exteriores del veh\u00edculo. El objetivo es que el conductor pueda ver desde cualquier \u00e1ngulo visual alrededor del coche si la bater\u00eda se est\u00e1 cargando o ya est\u00e1 totalmente cargada.<\/p>\n<p style=\"text-align: justify\"><b>3. <\/b><b>E-Station Guide:<\/b><\/p>\n<p style=\"text-align: justify\">Proporciona informaci\u00f3n sobre muchos par\u00e1metros relevantes de las estaciones de carga, con lo que el usuario puede buscar la que mejor se adapte a su veh\u00edculo.<\/p>\n<p style=\"text-align: justify\"><b>4. <\/b><b>Llave Digital:<\/b><\/p>\n<p style=\"text-align: justify\">Digital Key es una app que te permite usar un smartphone como llave digital para bloquear o desbloquear el coche, abrir o cerrar todas las ventanas, y arrancar o detener el motor. La app posibilita que terceras personas, por ejemplo, descarguen el veh\u00edculo o lleven a cabo su mantenimiento sin tener las llaves reales del coche en sus manos.<\/p>\n","protected":false},"excerpt":{"rendered":"<p>La recarga de las bater\u00edas en los turismos el\u00e9ctricos es uno de los aspectos fundamentales para el crecimiento en el desarrollo de este tipo de veh\u00edculos. Volkswagen da un paso<\/p>\n","protected":false},"author":6,"featured_media":4445,"comment_status":"closed","ping_status":"open","sticky":false,"template":"","format":"standard","meta":{"footnotes":""},"categories":[1],"tags":[492,177],"class_list":["post-4397","post","type-post","status-publish","format-standard","has-post-thumbnail","hentry","category-actualidad","tag-coches","tag-tecnologia"],"_links":{"self":[{"href":"https:\/\/www.sibuscascoche.com\/noticias\/wp-json\/wp\/v2\/posts\/4397","targetHints":{"allow":["GET"]}}],"collection":[{"href":"https:\/\/www.sibuscascoche.com\/noticias\/wp-json\/wp\/v2\/posts"}],"about":[{"href":"https:\/\/www.sibuscascoche.com\/noticias\/wp-json\/wp\/v2\/types\/post"}],"author":[{"embeddable":true,"href":"https:\/\/www.sibuscascoche.com\/noticias\/wp-json\/wp\/v2\/users\/6"}],"replies":[{"embeddable":true,"href":"https:\/\/www.sibuscascoche.com\/noticias\/wp-json\/wp\/v2\/comments?post=4397"}],"version-history":[{"count":6,"href":"https:\/\/www.sibuscascoche.com\/noticias\/wp-json\/wp\/v2\/posts\/4397\/revisions"}],"predecessor-version":[{"id":4520,"href":"https:\/\/www.sibuscascoche.com\/noticias\/wp-json\/wp\/v2\/posts\/4397\/revisions\/4520"}],"wp:featuredmedia":[{"embeddable":true,"href":"https:\/\/www.sibuscascoche.com\/noticias\/wp-json\/wp\/v2\/media\/4445"}],"wp:attachment":[{"href":"https:\/\/www.sibuscascoche.com\/noticias\/wp-json\/wp\/v2\/media?parent=4397"}],"wp:term":[{"taxonomy":"category","embeddable":true,"href":"https:\/\/www.sibuscascoche.com\/noticias\/wp-json\/wp\/v2\/categories?post=4397"},{"taxonomy":"post_tag","embeddable":true,"href":"https:\/\/www.sibuscascoche.com\/noticias\/wp-json\/wp\/v2\/tags?post=4397"}],"curies":[{"name":"wp","href":"https:\/\/api.w.org\/{rel}","templated":true}]}}