{"id":435,"date":"2013-09-20T12:05:36","date_gmt":"2013-09-20T10:05:36","guid":{"rendered":"https:\/\/www.sibuscascoche.com\/noticias\/?p=435"},"modified":"2013-10-02T13:43:19","modified_gmt":"2013-10-02T11:43:19","slug":"a3-sedan-edicion-especial-lanzamiento","status":"publish","type":"post","link":"https:\/\/www.sibuscascoche.com\/noticias\/2013\/a3-sedan-edicion-especial-lanzamiento\/","title":{"rendered":"El A3 Sed\u00e1n viene con edici\u00f3n especial"},"content":{"rendered":"<p>\u00a1Ya est\u00e1 aqu\u00ed! El <a title=\"Llega al mercado el Audi A3 Sed\u00e1n\" href=\"https:\/\/www.sibuscascoche.com\/noticias\/2013\/llega-al-mercado-el-audi-a3-sedan\/\">A3 Sed\u00e1n<\/a> estar\u00e1 en los concesionarios a partir de octubre. Audi celebra su lanzamiento con una edici\u00f3n especial, con m\u00e1s equipamiento y mejor precio.<\/p>\n<p>El A3 Sed\u00e1n es una berlina compacta de naturaleza deportiva, con esta edici\u00f3n especial, podr\u00e1s disponer del Audi A3 Sed\u00e1n 1.6 TDI de 105 CV con el acabado Attraction, incluyendo equipamiento extra como las llantas de aleaci\u00f3n de 16 pulgadas, inserciones en plata micromet\u00e1lica, el apoyabrazos central delantero, sistema de informaci\u00f3n al conductor monocromo, sistema Start-Stop y freno electromec\u00e1nico.<\/p>\n<p>El precio recomendado de esta edici\u00f3n especial es de 22.760\u20ac, incluyendo el Plan PIVE y la serie es limitada.<\/p>\n<div class=\"photo-gallery-shortcode\"><a href=\"#\" class=\"gallery-navi-left\">&nbsp;<\/a><a href=\"#\" class=\"gallery-navi-right\">&nbsp;<\/a><ul><li class=\"active\"><img loading=\"lazy\" decoding=\"async\" src=\"https:\/\/www.sibuscascoche.com\/noticias\/wp-content\/uploads\/2013\/09\/Audi_A3_Sedan_interior-660x394.jpg\" class=\"setborder\" width=\"660\" height=\"394\" alt=\"Audi A3 Sed\u00e1n\" title=\"Audi A3 Sed\u00e1n\" \/><\/li><li class=\"active\"><img loading=\"lazy\" decoding=\"async\" src=\"https:\/\/www.sibuscascoche.com\/noticias\/wp-content\/uploads\/2013\/09\/Audi_A3_Sedan_9-660x394.jpg\" class=\"setborder\" width=\"660\" height=\"394\" alt=\"Audi A3 Sed\u00e1n\" title=\"Audi A3 Sed\u00e1n\" \/><\/li><li class=\"active\"><img loading=\"lazy\" decoding=\"async\" src=\"https:\/\/www.sibuscascoche.com\/noticias\/wp-content\/uploads\/2013\/09\/Audi_A3_Sedan_8-660x394.jpg\" class=\"setborder\" width=\"660\" height=\"394\" alt=\"Audi A3 Sed\u00e1n\" title=\"Audi A3 Sed\u00e1n\" \/><\/li><li class=\"active\"><img loading=\"lazy\" decoding=\"async\" src=\"https:\/\/www.sibuscascoche.com\/noticias\/wp-content\/uploads\/2013\/09\/Audi_A3_Sedan_7-660x394.jpg\" class=\"setborder\" width=\"660\" height=\"394\" alt=\"Audi A3 Sed\u00e1n\" title=\"Audi A3 Sed\u00e1n\" \/><\/li><li class=\"active\"><img loading=\"lazy\" decoding=\"async\" src=\"https:\/\/www.sibuscascoche.com\/noticias\/wp-content\/uploads\/2013\/09\/Audi_A3_Sedan_6-660x394.jpg\" class=\"setborder\" width=\"660\" height=\"394\" alt=\"Audi A3 Sed\u00e1n\" title=\"Audi A3 Sed\u00e1n\" \/><\/li><li class=\"active\"><img loading=\"lazy\" decoding=\"async\" src=\"https:\/\/www.sibuscascoche.com\/noticias\/wp-content\/uploads\/2013\/09\/Audi_A3_Sedan_5-660x394.jpg\" class=\"setborder\" width=\"660\" height=\"394\" alt=\"Audi A3 Sed\u00e1n\" title=\"Audi A3 Sed\u00e1n\" \/><\/li><\/ul><h4><a href=\"https:\/\/www.sibuscascoche.com\/noticias\/gallery\/audi-a3-sedan\" class=\"font-replace\">Audi A3 Sed\u00e1n<span class=\"photos-in-it\">12 Fotos:<\/span><\/a><\/h4><\/div>\n","protected":false},"excerpt":{"rendered":"<p>\u00a1Ya est\u00e1 aqu\u00ed! El A3 Sed\u00e1n estar\u00e1 en los concesionarios a partir de octubre. Audi celebra su lanzamiento con una edici\u00f3n especial, con m\u00e1s equipamiento y mejor precio. El A3<\/p>\n","protected":false},"author":1,"featured_media":464,"comment_status":"closed","ping_status":"open","sticky":false,"template":"","format":"standard","meta":{"footnotes":""},"categories":[1,8],"tags":[18,118],"class_list":["post-435","post","type-post","status-publish","format-standard","has-post-thumbnail","hentry","category-actualidad","category-lanzamientos","tag-audi","tag-sedan"],"_links":{"self":[{"href":"https:\/\/www.sibuscascoche.com\/noticias\/wp-json\/wp\/v2\/posts\/435","targetHints":{"allow":["GET"]}}],"collection":[{"href":"https:\/\/www.sibuscascoche.com\/noticias\/wp-json\/wp\/v2\/posts"}],"about":[{"href":"https:\/\/www.sibuscascoche.com\/noticias\/wp-json\/wp\/v2\/types\/post"}],"author":[{"embeddable":true,"href":"https:\/\/www.sibuscascoche.com\/noticias\/wp-json\/wp\/v2\/users\/1"}],"replies":[{"embeddable":true,"href":"https:\/\/www.sibuscascoche.com\/noticias\/wp-json\/wp\/v2\/comments?post=435"}],"version-history":[{"count":9,"href":"https:\/\/www.sibuscascoche.com\/noticias\/wp-json\/wp\/v2\/posts\/435\/revisions"}],"predecessor-version":[{"id":582,"href":"https:\/\/www.sibuscascoche.com\/noticias\/wp-json\/wp\/v2\/posts\/435\/revisions\/582"}],"wp:featuredmedia":[{"embeddable":true,"href":"https:\/\/www.sibuscascoche.com\/noticias\/wp-json\/wp\/v2\/media\/464"}],"wp:attachment":[{"href":"https:\/\/www.sibuscascoche.com\/noticias\/wp-json\/wp\/v2\/media?parent=435"}],"wp:term":[{"taxonomy":"category","embeddable":true,"href":"https:\/\/www.sibuscascoche.com\/noticias\/wp-json\/wp\/v2\/categories?post=435"},{"taxonomy":"post_tag","embeddable":true,"href":"https:\/\/www.sibuscascoche.com\/noticias\/wp-json\/wp\/v2\/tags?post=435"}],"curies":[{"name":"wp","href":"https:\/\/api.w.org\/{rel}","templated":true}]}}