{"id":4248,"date":"2015-02-20T08:00:18","date_gmt":"2015-02-20T07:00:18","guid":{"rendered":"https:\/\/www.sibuscascoche.com\/noticias\/?p=4248"},"modified":"2015-02-20T15:23:45","modified_gmt":"2015-02-20T14:23:45","slug":"furgones-fiat-moteros","status":"publish","type":"post","link":"https:\/\/www.sibuscascoche.com\/noticias\/2015\/furgones-fiat-moteros\/","title":{"rendered":"Fiat se al\u00eda con los moteros"},"content":{"rendered":"<p>Los aficionados a las motos ya cuentan con furgones Fiat espec\u00edficos para ellos. La firma italiana ha colaborado con la Monster Energy Genova Supercross y ha aprovechado la ocasi\u00f3n para presentar dos furgones con kits espec\u00edficos para transportar motos.<\/p>\n<p>El evento, plagado de adrenalina, se celebr\u00f3 en G\u00e9nova y enfrent\u00f3 a los campeones Justin Barcia, Eli Tomac o Cristophe Pourcel, entre otros. La marca italiana Fiat cont\u00f3 con su propio stand en el paddock. El p\u00fablico asistente pudo contemplar el Nuevo Ducato Furg\u00f3n 35 y un Fiat Scudo Furg\u00f3n, los veh\u00edculos profesionales que present\u00f3 con accesorios espec\u00edficos para motociclistas. <img loading=\"lazy\" decoding=\"async\" class=\"alignright size-full wp-image-4251\" alt=\"Fiat barato, Fiat ocasi\u00f3n\" src=\"https:\/\/www.sibuscascoche.com\/noticias\/wp-content\/uploads\/2015\/02\/SBC_furgones-moteros-fiat_2.jpg\" width=\"300\" height=\"200\" \/>En el mismo emplazamiento, tambi\u00e9n se ubic\u00f3 el equipo de motociclismo de Fiat, el Fiat Professional Enduro Team, liderado por el piloto Luca Politan\u00f2.<\/p>\n<p>El Nuevo Ducato Furg\u00f3n 35 est\u00e1 equipado con el motor turbodi\u00e9sel 2.3 MultiJet de 130 caballos. Se trata de la \u00faltima generaci\u00f3n del best seller Ducato, m\u00e1s tecnol\u00f3gico y m\u00e1s eficiente que el modelo anterior. Cuenta con batalla media y techo alto.<\/p>\n<p>Por su parte, la mec\u00e1nica del Fiat Scudo Furg\u00f3n est\u00e1 provista de un motor turbodi\u00e9sel 2.0 MultiJet de 130 caballos. En este caso, cuenta con batalla media y techo est\u00e1ndar. Por sus dimensiones, este veh\u00edculo comercial se presenta como una soluci\u00f3n para transporte de mercanc\u00edas en los \u00e1mbitos urbano e interurbano.<\/p>\n<p><b>Kit motero<\/b><\/p>\n<p>La firma especializada en motociclismo Store Van ha dise\u00f1ado los kits que adaptan los furgones para el transporte de motos. Son tres, cada uno est\u00e1 destinado a un modelo de furg\u00f3n, uno para el Dobl\u00f2, otro para el Scudo y el tercero para el Nuevo Ducato.<\/p>\n<p>El kit est\u00e1 formado por una tarima plegable de aluminio que se apoya en la plataforma mediante patas antideslizantes. El bloqueo de la rueda delantera, que permite inmovilizar la moto en equilibrio. Y las gu\u00edas del suelo donde se anclan las correas que sujetan la motocicleta.<\/p>\n<p>Su funci\u00f3n es transportar las motos de manera sencilla, r\u00e1pida y segura. De este modo, no es necesario contar con un remolque que puede resultar engorroso si se pretende cubrir distancias largas donde puede ser necesario dejar la moto sin vigilancia o a . Adem\u00e1s, el espacio interior restante se puede utilizar como vestuario e incluso como taller de emergencia, si se da el caso.<\/p>\n","protected":false},"excerpt":{"rendered":"<p>Los aficionados a las motos ya cuentan con furgones Fiat espec\u00edficos para ellos. La firma italiana ha colaborado con la Monster Energy Genova Supercross y ha aprovechado la ocasi\u00f3n para<\/p>\n","protected":false},"author":1,"featured_media":4250,"comment_status":"closed","ping_status":"open","sticky":false,"template":"","format":"standard","meta":{"footnotes":""},"categories":[1],"tags":[126,210],"class_list":["post-4248","post","type-post","status-publish","format-standard","has-post-thumbnail","hentry","category-actualidad","tag-fiat","tag-vehiculos-comerciales"],"_links":{"self":[{"href":"https:\/\/www.sibuscascoche.com\/noticias\/wp-json\/wp\/v2\/posts\/4248","targetHints":{"allow":["GET"]}}],"collection":[{"href":"https:\/\/www.sibuscascoche.com\/noticias\/wp-json\/wp\/v2\/posts"}],"about":[{"href":"https:\/\/www.sibuscascoche.com\/noticias\/wp-json\/wp\/v2\/types\/post"}],"author":[{"embeddable":true,"href":"https:\/\/www.sibuscascoche.com\/noticias\/wp-json\/wp\/v2\/users\/1"}],"replies":[{"embeddable":true,"href":"https:\/\/www.sibuscascoche.com\/noticias\/wp-json\/wp\/v2\/comments?post=4248"}],"version-history":[{"count":2,"href":"https:\/\/www.sibuscascoche.com\/noticias\/wp-json\/wp\/v2\/posts\/4248\/revisions"}],"predecessor-version":[{"id":4252,"href":"https:\/\/www.sibuscascoche.com\/noticias\/wp-json\/wp\/v2\/posts\/4248\/revisions\/4252"}],"wp:featuredmedia":[{"embeddable":true,"href":"https:\/\/www.sibuscascoche.com\/noticias\/wp-json\/wp\/v2\/media\/4250"}],"wp:attachment":[{"href":"https:\/\/www.sibuscascoche.com\/noticias\/wp-json\/wp\/v2\/media?parent=4248"}],"wp:term":[{"taxonomy":"category","embeddable":true,"href":"https:\/\/www.sibuscascoche.com\/noticias\/wp-json\/wp\/v2\/categories?post=4248"},{"taxonomy":"post_tag","embeddable":true,"href":"https:\/\/www.sibuscascoche.com\/noticias\/wp-json\/wp\/v2\/tags?post=4248"}],"curies":[{"name":"wp","href":"https:\/\/api.w.org\/{rel}","templated":true}]}}