{"id":4044,"date":"2015-02-11T08:00:59","date_gmt":"2015-02-11T07:00:59","guid":{"rendered":"https:\/\/www.sibuscascoche.com\/noticias\/?p=4044"},"modified":"2015-09-04T16:48:58","modified_gmt":"2015-09-04T14:48:58","slug":"polo-mas-potente-fabrica-espana","status":"publish","type":"post","link":"https:\/\/www.sibuscascoche.com\/noticias\/2015\/polo-mas-potente-fabrica-espana\/","title":{"rendered":"El Polo m\u00e1s potente se fabrica en Espa\u00f1a"},"content":{"rendered":"<p>Volkswagen presenta un nuevo <a href=\"https:\/\/www.sibuscascoche.com\/coches-ocasion\/volkswagen\/polo\"><span style=\"color: #0071b9;\">Volkswagen Polo<\/span><\/a> m\u00e1s deportivo, m\u00e1s potente, m\u00e1s eficiente. La exclusiva mundial de fabricaci\u00f3n de este modelo, est\u00e1 en nuestro pa\u00eds, en la planta navarra de Landaben de la marca alemana.<\/p>\n<p>La presentaci\u00f3n internacional del icono de Volkswagen\u00a0 se realiz\u00f3 en Valencia y coincidi\u00f3 en fechas con la segunda victoria del equipo de la marca que compite con el Polo R WRC en el Campeonato Mundial de Rallyes.<\/p>\n<p>La mec\u00e1nica m\u00e1s <img loading=\"lazy\" decoding=\"async\" class=\"alignright size-full wp-image-4047\" alt=\"coches ocasi\u00f3n, volkswagen barato, polo ocasi\u00f3n\" src=\"https:\/\/www.sibuscascoche.com\/noticias\/wp-content\/uploads\/2015\/02\/SBC_nuevo-polo_2.jpg\" width=\"300\" height=\"200\" \/>potente que tuvo nunca un Polo GTI es el motor 1.8 TSI de 192CV. Con 12CV m\u00e1s que el modelo anterior y un par de motor de 320Nm es capaz de alcanzar una velocidad m\u00e1xima de 236 km\/h y de pasar de 0 a 100 km\/ h en 6,7 segundos. S\u00f3lo 3 segundos m\u00e1s que el Polo R WRC que compite en el mundial de rallyes.<\/p>\n<p>La eficiencia es otro de los puntos fuertes del nuevo Polo GTI. Su tasa de consumo medio es de 5,6 l\/100km y sus emisiones de CO2 de 129 g\/km. Mejora con respecto al modelo anterior en consumo 0,3 y reduce sus emisiones en 10 g\/km.<\/p>\n<p>El nuevo dise\u00f1o evoca rasgos t\u00edpicos de los GTI. Los pasos de rueda, el emblema GTI y el perfil rojo situado tanto en la parrilla individual como en los faros dotan al nuevo Polo de un aspecto exterior muy deportivo y din\u00e1mico. Adem\u00e1s, opcionalmente, se podr\u00e1 equipar el veh\u00edculo con faros de LED en las luces de cruce y carretera.<\/p>\n<p><b>Fabricado en Espa\u00f1a<\/b><\/p>\n<p>Este modelo, se produce en exclusiva en la planta espa\u00f1ola de Landaben para todo el mundo. Actualmente, los navarros elaboran 300 unidades semanales. El Polo es uno de los modelos fabricados en Espa\u00f1a que mayor volumen de producci\u00f3n y exportaci\u00f3n genera. Uno de cada cinco coches que exporta Espa\u00f1a es un Polo. Adem\u00e1s, se encuentra entre los diez veh\u00edculos m\u00e1s vendidos en Europa y, en el caso de nuestro pa\u00eds, entre los cinco primeros.<b><\/b><\/p>\n","protected":false},"excerpt":{"rendered":"<p>Volkswagen presenta un nuevo Volkswagen Polo m\u00e1s deportivo, m\u00e1s potente, m\u00e1s eficiente. La exclusiva mundial de fabricaci\u00f3n de este modelo, est\u00e1 en nuestro pa\u00eds, en la planta navarra de Landaben<\/p>\n","protected":false},"author":1,"featured_media":4046,"comment_status":"closed","ping_status":"open","sticky":false,"template":"","format":"standard","meta":{"footnotes":""},"categories":[1],"tags":[22,463],"class_list":["post-4044","post","type-post","status-publish","format-standard","has-post-thumbnail","hentry","category-actualidad","tag-volkswagen","tag-volkswagen-polo"],"_links":{"self":[{"href":"https:\/\/www.sibuscascoche.com\/noticias\/wp-json\/wp\/v2\/posts\/4044","targetHints":{"allow":["GET"]}}],"collection":[{"href":"https:\/\/www.sibuscascoche.com\/noticias\/wp-json\/wp\/v2\/posts"}],"about":[{"href":"https:\/\/www.sibuscascoche.com\/noticias\/wp-json\/wp\/v2\/types\/post"}],"author":[{"embeddable":true,"href":"https:\/\/www.sibuscascoche.com\/noticias\/wp-json\/wp\/v2\/users\/1"}],"replies":[{"embeddable":true,"href":"https:\/\/www.sibuscascoche.com\/noticias\/wp-json\/wp\/v2\/comments?post=4044"}],"version-history":[{"count":3,"href":"https:\/\/www.sibuscascoche.com\/noticias\/wp-json\/wp\/v2\/posts\/4044\/revisions"}],"predecessor-version":[{"id":6469,"href":"https:\/\/www.sibuscascoche.com\/noticias\/wp-json\/wp\/v2\/posts\/4044\/revisions\/6469"}],"wp:featuredmedia":[{"embeddable":true,"href":"https:\/\/www.sibuscascoche.com\/noticias\/wp-json\/wp\/v2\/media\/4046"}],"wp:attachment":[{"href":"https:\/\/www.sibuscascoche.com\/noticias\/wp-json\/wp\/v2\/media?parent=4044"}],"wp:term":[{"taxonomy":"category","embeddable":true,"href":"https:\/\/www.sibuscascoche.com\/noticias\/wp-json\/wp\/v2\/categories?post=4044"},{"taxonomy":"post_tag","embeddable":true,"href":"https:\/\/www.sibuscascoche.com\/noticias\/wp-json\/wp\/v2\/tags?post=4044"}],"curies":[{"name":"wp","href":"https:\/\/api.w.org\/{rel}","templated":true}]}}