{"id":4024,"date":"2015-02-06T08:00:01","date_gmt":"2015-02-06T07:00:01","guid":{"rendered":"https:\/\/www.sibuscascoche.com\/noticias\/?p=4024"},"modified":"2015-02-04T08:28:00","modified_gmt":"2015-02-04T07:28:00","slug":"coches-menos-eficientes-2014","status":"publish","type":"post","link":"https:\/\/www.sibuscascoche.com\/noticias\/2015\/coches-menos-eficientes-2014\/","title":{"rendered":"Los coches menos eficientes de 2014"},"content":{"rendered":"<p>El consumo medio que registra un coche es un dato un tanto relativo porque no solo depende de las caracter\u00edsticas del veh\u00edculo sino que es necesario tener en cuenta otros factores como puede ser la carga que lleva el coche en un momento determinado, las condiciones de la carretera o los h\u00e1bitos de quien conduce, entre otros.<\/p>\n<p>Ya hemos publicado la lista de los\u00a0<a href=\"https:\/\/www.sibuscascoche.com\/noticias\/2015\/coches-mas-eficientes-2014\/\">coches m\u00e1s eficientes de 2014 <\/a><span style=\"color: #0071b9;\"><span style=\"color: #0071b9;\">\u00a0<\/span><\/span>seg\u00fan el informe de la OCU que comparaba los resultados de consumo medio de veh\u00edculos en funci\u00f3n de su categor\u00eda. En esta ocasi\u00f3n detallaremos los menos eficientes:<\/p>\n<p>El utilitario peque\u00f1o que m\u00e1s consume es el Abarth 595 1.4 16V. Pese a ser un veh\u00edculo de tama\u00f1o reducido, su consumo llega a 6,5 l\/100km.\u00a0<img loading=\"lazy\" decoding=\"async\" class=\"alignright size-full wp-image-4026\" alt=\"coches ocasi\u00f3n, coches ocasi\u00f3n Pontevedra\" src=\"https:\/\/www.sibuscascoche.com\/noticias\/wp-content\/uploads\/2015\/02\/SBC_menos-eficientes_2.jpg\" width=\"300\" height=\"200\" \/><\/p>\n<p>El m\u00e1s carism\u00e1tico de los utilitarios tambi\u00e9n es el que m\u00e1s gasta. Se trata del Mini Paceman John Cooper aut. Su marca: 7,9 l\/100km.<\/p>\n<p>En el segmento de compactos encontramos al Volvo V4O Crosscountry T5. A diferencia de su hermano di\u00e9sel, el ultraeficiente D2, su consumo es el m\u00e1s alto con 8,3 l\/100km.<\/p>\n<p>La berlina menos eficiente es la Bentley Mulsanne. Este veh\u00edculo de lujo es el que m\u00e1s consume del segmento F. Su consumo medio es de 16,9 l\/100km.<\/p>\n<p>El Jaguar XF Sportbreak 5.0 es el veh\u00edculo break que mayor consumo medio registra. El dise\u00f1o m\u00e1s familiar de los Jaguar XF registra un consumo medio de 12,7 l\/100km.<\/p>\n<p>Ya en la categor\u00eda de monovol\u00famenes, tenemos, en primer lugar al Opel Meriva 1.4T 140CV Aut. como el monovolumen peque\u00f1o que m\u00e1s consume con sus 7,2 l\/100km.<\/p>\n<p>El Chevrolet Orlando 1.8 LTZ Aut. lidera el consumo de los monovol\u00famenes compactos al llegar a los 8 litros cada 100 kil\u00f3metros. Por \u00faltimo, en el segmento de los monovol\u00famenes grandes hay empate entre el Volkswagen Sharan y el Seat Alambra TSI 200CV. Ambos consumen 8,4 l\/100km.<\/p>\n<p>Para terminar el ranking de los veh\u00edculos menos eficientes de 2014 conviene mencionar las categor\u00edas de todoterrenos. En primer lugar el peque\u00f1o Land Rover Defender 90 SW,\u00a0 que consume 10,2 l\/100km. En el caso de los compactos, es el Opel Antara 2.4 167 quien muestra mayor consumo con 8,8 l\/100km. Por su parte, el Mercedes G65 AMG L es el gran todoterreno menos eficiente. Su registro: 17 l\/100km.<\/p>\n","protected":false},"excerpt":{"rendered":"<p>El consumo medio que registra un coche es un dato un tanto relativo porque no solo depende de las caracter\u00edsticas del veh\u00edculo sino que es necesario tener en cuenta otros<\/p>\n","protected":false},"author":1,"featured_media":4025,"comment_status":"closed","ping_status":"open","sticky":false,"template":"","format":"standard","meta":{"footnotes":""},"categories":[1],"tags":[458,419],"class_list":["post-4024","post","type-post","status-publish","format-standard","has-post-thumbnail","hentry","category-actualidad","tag-consumo-del-coche","tag-eficiencia"],"_links":{"self":[{"href":"https:\/\/www.sibuscascoche.com\/noticias\/wp-json\/wp\/v2\/posts\/4024","targetHints":{"allow":["GET"]}}],"collection":[{"href":"https:\/\/www.sibuscascoche.com\/noticias\/wp-json\/wp\/v2\/posts"}],"about":[{"href":"https:\/\/www.sibuscascoche.com\/noticias\/wp-json\/wp\/v2\/types\/post"}],"author":[{"embeddable":true,"href":"https:\/\/www.sibuscascoche.com\/noticias\/wp-json\/wp\/v2\/users\/1"}],"replies":[{"embeddable":true,"href":"https:\/\/www.sibuscascoche.com\/noticias\/wp-json\/wp\/v2\/comments?post=4024"}],"version-history":[{"count":4,"href":"https:\/\/www.sibuscascoche.com\/noticias\/wp-json\/wp\/v2\/posts\/4024\/revisions"}],"predecessor-version":[{"id":4073,"href":"https:\/\/www.sibuscascoche.com\/noticias\/wp-json\/wp\/v2\/posts\/4024\/revisions\/4073"}],"wp:featuredmedia":[{"embeddable":true,"href":"https:\/\/www.sibuscascoche.com\/noticias\/wp-json\/wp\/v2\/media\/4025"}],"wp:attachment":[{"href":"https:\/\/www.sibuscascoche.com\/noticias\/wp-json\/wp\/v2\/media?parent=4024"}],"wp:term":[{"taxonomy":"category","embeddable":true,"href":"https:\/\/www.sibuscascoche.com\/noticias\/wp-json\/wp\/v2\/categories?post=4024"},{"taxonomy":"post_tag","embeddable":true,"href":"https:\/\/www.sibuscascoche.com\/noticias\/wp-json\/wp\/v2\/tags?post=4024"}],"curies":[{"name":"wp","href":"https:\/\/api.w.org\/{rel}","templated":true}]}}