{"id":3877,"date":"2015-02-02T14:02:36","date_gmt":"2015-02-02T13:02:36","guid":{"rendered":"https:\/\/www.sibuscascoche.com\/noticias\/?p=3877"},"modified":"2015-02-02T14:03:05","modified_gmt":"2015-02-02T13:03:05","slug":"seguridad-vial-en-2014","status":"publish","type":"post","link":"https:\/\/www.sibuscascoche.com\/noticias\/2015\/seguridad-vial-en-2014\/","title":{"rendered":"Seguridad vial en 2014 y propuestas para 2015"},"content":{"rendered":"<p style=\"text-align: justify;\" align=\"center\">El Ministerio del Interior dio a conocer, hace algunas semanas, los datos sobre <b>seguridad vial en Espa\u00f1a<\/b> durante <b>2014<\/b>. Las cifras siguen siendo dram\u00e1ticas, aunque se produjo un leve descenso de los fallecidos en accidentes de circulaci\u00f3n respecto al a\u00f1o anterior, continuando con la tendencia experimentada en los once \u00faltimos. En concreto, <b>murieron 1.131 personas en carretera<\/b>, un n\u00famero para la reflexi\u00f3n y para seguir luchando por evitar este tipo de tragedias en el futuro.<\/p>\n<p style=\"text-align: justify;\" align=\"center\">La gran mayor\u00eda de las v\u00edctimas mortales, un <b>79 por ciento, se produjeron en v\u00edas secundarias<\/b> (894 personas). Los siniestros en este tipo de carreteras se incrementaron respecto a 2013. Por el contrario, los accidentes en autov\u00edas o autopistas se redujeron,\u00a0 un dato significativo y a tener bien presente.<\/p>\n<p style=\"text-align: justify;\"><img loading=\"lazy\" decoding=\"async\" class=\"size-full wp-image-3880 alignright\" alt=\"seguridad vial\" src=\"https:\/\/www.sibuscascoche.com\/noticias\/wp-content\/uploads\/2015\/01\/interior-seguridad-vial.jpg\" width=\"300\" height=\"200\" \/>Seg\u00fan el Gobierno, Espa\u00f1a cumple, desde 2013, con la estrategia europea para la reducci\u00f3n de los accidentes de circulaci\u00f3n, que pretende establecer en 37 las v\u00edctimas mortales en siniestros de tr\u00e1fico por cada mill\u00f3n de habitantes. Esta tasa deber\u00eda cumplirse en 2020, por lo que nuestro pa\u00eds se ha adelantado en 7 a\u00f1os a esas previsiones.<\/p>\n<p style=\"text-align: justify;\">El <b>Real Autom\u00f3vil Club de Espa\u00f1a<\/b> (RACE) ha dado a conocer una serie de propuestas para 2015, una vez analizadas las cifras de 2014. En primer lugar, se pretende <b>incentivar la circulaci\u00f3n por autov\u00edas y autopistas<\/b>, las carreteras m\u00e1s seguras y en las que menos accidentes se producen.<\/p>\n<p style=\"text-align: justify;\">Por otra parte, el RACE insiste en la necesidad de <b>invertir en carreteras<\/b> y renovar el parque automovil\u00edstico de nuestro pa\u00eds, uno de los m\u00e1s viejos de Europa. Recordemos que, seg\u00fan la Direcci\u00f3n General de Tr\u00e1fico, los coches espa\u00f1oles tienen una edad media de casi 11 a\u00f1os.<\/p>\n<p style=\"text-align: justify;\">Otras propuestas en materia de seguridad vial para 2015 son:<\/p>\n<p style=\"text-align: justify;\"><b>Potenciaci\u00f3n de las ayudas para adquirir veh\u00edculos nuevos<\/b>. Planes como el PIVE son de gran ayuda para sustituir las unidades viejas y los <b>coches de segunda mano,<\/b> por veh\u00edculos reci\u00e9n salidos del concesionario. De esta forma, se contribuye a rejuvenecer el parque de autom\u00f3viles.<\/p>\n<p style=\"text-align: justify;\"><b>Favorecer la investigaci\u00f3n<\/b>. Invertir en I+D+I, para conocer h\u00e1bitos y costumbres, es un gran paso a la hora de combatir los accidentes.<\/p>\n<p style=\"text-align: justify;\"><b>Reducir el IVA en sistemas de seguridad para el autom\u00f3vil. <\/b>No deber\u00eda considerarse un lujo disponer de mecanismos que salvan muchas vidas al volante.<\/p>\n<p style=\"text-align: justify;\">Mejorar la seguridad infantil, aumentar las inversiones en infraestructuras, potenciar la <b>formaci\u00f3n en la conducci\u00f3n<\/b> y seguir concienciando en torno a la importancia social de la seguridad vial son otras prioridades a emprender en 2015, a juicio de los responsables del RACE.<\/p>\n<p style=\"text-align: justify;\">S\u00f3lo el esfuerzo coordinado de administraciones, entes privados y sociedad en general lograr\u00e1 seguir disminuyendo los accidentes y reforzando la seguridad en carretera.<\/p>\n","protected":false},"excerpt":{"rendered":"<p>El Ministerio del Interior dio a conocer, hace algunas semanas, los datos sobre seguridad vial en Espa\u00f1a durante 2014. Las cifras siguen siendo dram\u00e1ticas, aunque se produjo un leve descenso<\/p>\n","protected":false},"author":1,"featured_media":3879,"comment_status":"closed","ping_status":"open","sticky":false,"template":"","format":"standard","meta":{"footnotes":""},"categories":[1],"tags":[315],"class_list":["post-3877","post","type-post","status-publish","format-standard","has-post-thumbnail","hentry","category-actualidad","tag-seguridad-vial"],"_links":{"self":[{"href":"https:\/\/www.sibuscascoche.com\/noticias\/wp-json\/wp\/v2\/posts\/3877","targetHints":{"allow":["GET"]}}],"collection":[{"href":"https:\/\/www.sibuscascoche.com\/noticias\/wp-json\/wp\/v2\/posts"}],"about":[{"href":"https:\/\/www.sibuscascoche.com\/noticias\/wp-json\/wp\/v2\/types\/post"}],"author":[{"embeddable":true,"href":"https:\/\/www.sibuscascoche.com\/noticias\/wp-json\/wp\/v2\/users\/1"}],"replies":[{"embeddable":true,"href":"https:\/\/www.sibuscascoche.com\/noticias\/wp-json\/wp\/v2\/comments?post=3877"}],"version-history":[{"count":3,"href":"https:\/\/www.sibuscascoche.com\/noticias\/wp-json\/wp\/v2\/posts\/3877\/revisions"}],"predecessor-version":[{"id":4006,"href":"https:\/\/www.sibuscascoche.com\/noticias\/wp-json\/wp\/v2\/posts\/3877\/revisions\/4006"}],"wp:featuredmedia":[{"embeddable":true,"href":"https:\/\/www.sibuscascoche.com\/noticias\/wp-json\/wp\/v2\/media\/3879"}],"wp:attachment":[{"href":"https:\/\/www.sibuscascoche.com\/noticias\/wp-json\/wp\/v2\/media?parent=3877"}],"wp:term":[{"taxonomy":"category","embeddable":true,"href":"https:\/\/www.sibuscascoche.com\/noticias\/wp-json\/wp\/v2\/categories?post=3877"},{"taxonomy":"post_tag","embeddable":true,"href":"https:\/\/www.sibuscascoche.com\/noticias\/wp-json\/wp\/v2\/tags?post=3877"}],"curies":[{"name":"wp","href":"https:\/\/api.w.org\/{rel}","templated":true}]}}