{"id":3725,"date":"2014-12-24T18:32:59","date_gmt":"2014-12-24T17:32:59","guid":{"rendered":"https:\/\/www.sibuscascoche.com\/noticias\/?p=3725"},"modified":"2015-01-20T18:35:13","modified_gmt":"2015-01-20T17:35:13","slug":"guardianes-invierno-skoda","status":"publish","type":"post","link":"https:\/\/www.sibuscascoche.com\/noticias\/2014\/guardianes-invierno-skoda\/","title":{"rendered":"Los 70 guardianes del invierno de Skoda"},"content":{"rendered":"<p style=\"text-align: justify;\">El fabricante de coches checo, Skoda, ha vuelto a elegir un pueblo espa\u00f1ol para lanzar su campa\u00f1a. Se trata de los <strong>70 guardianes del invierno.<\/strong> El pasado verano \u00c9cija fue el emplazamiento seleccionado para filmar su anuncio de la temporada estival. En esta ocasi\u00f3n el lugar es Valdelinares. La particularidad del enclave aragon\u00e9s es que se trata del pueblo situado a mayor altitud de la pen\u00ednsula, 1.692 metros.<\/p>\n<p style=\"text-align: justify;\"><img loading=\"lazy\" decoding=\"async\" class=\"alignright size-full wp-image-3752\" alt=\"guardianes invierno\" src=\"https:\/\/www.sibuscascoche.com\/noticias\/wp-content\/uploads\/2015\/01\/SBC_guardianes-del-invierno_2.jpg\" width=\"300\" height=\"200\" \/>En plena Sierra de G\u00fadar, provincia de Teruel, el municipio queda aislado cada a\u00f1o durante el invierno. Por este motivo, Skoda ha nombrado a su poblaci\u00f3n \u201clos 70 guardianes del invierno\u201d. Al tratarse de un pueblo sin servicios b\u00e1sicos como supermercado, farmacia o m\u00e9dico durante las copiosas nevadas de la temporada de fr\u00edo no pueden desplazarse hasta las poblaciones colindantes donde se abastecen de estos servicios.<\/p>\n<p style=\"text-align: justify;\">La campa\u00f1a nos muestra c\u00f3mo afrontan los 70 guardianes la llegada del invierno y las complicaciones clim\u00e1ticas propias de esta \u00e9poca del a\u00f1o en su peque\u00f1o pueblo que se vuelve inaccesible durante los d\u00edas que m\u00e1s nieve se acumula en la monta\u00f1a aragonesa.<\/p>\n<p style=\"text-align: justify;\">Tambi\u00e9n cuenta con una secci\u00f3n espec\u00edfica con distintos clips de v\u00eddeo que dan a conocer a los habitantes de Valdelinares. As\u00ed, podremos conocer a Araceli, una agricultora y ganadera jubilada; a Feli, la cocinera; a David, el alcalde del pueblo; o a Teresa, la encargada de la oficina de turismo municipal; entre otros. Adem\u00e1s, los ni\u00f1os del municipio, nos ense\u00f1an a preparar un trineo para el invierno.<\/p>\n<p style=\"text-align: justify;\">Resistir en las condiciones en las que se ven cada a\u00f1o puede tener premio. La firma de coches Skoda, se ha comprometido a ceder un Skoda Scout 4&#215;4 al municipio si el v\u00eddeo de la campa\u00f1a alcanza un mill\u00f3n de visualizaciones. <strong>Con el nuevo veh\u00edculo, los guardianes del invierno podr\u00e1n desplazarse hasta las pedan\u00edas cercanas con mayor seguridad<\/strong> para conseguir los servicios b\u00e1sicos de los que carecen en Valdelinares.<\/p>\n","protected":false},"excerpt":{"rendered":"<p>El fabricante de coches checo, Skoda, ha vuelto a elegir un pueblo espa\u00f1ol para lanzar su campa\u00f1a. Se trata de los 70 guardianes del invierno. El pasado verano \u00c9cija fue<\/p>\n","protected":false},"author":1,"featured_media":3751,"comment_status":"closed","ping_status":"open","sticky":false,"template":"","format":"standard","meta":{"footnotes":""},"categories":[1],"tags":[408,409,200],"class_list":["post-3725","post","type-post","status-publish","format-standard","has-post-thumbnail","hentry","category-actualidad","tag-guardianes","tag-invierno","tag-vanguardia"],"_links":{"self":[{"href":"https:\/\/www.sibuscascoche.com\/noticias\/wp-json\/wp\/v2\/posts\/3725","targetHints":{"allow":["GET"]}}],"collection":[{"href":"https:\/\/www.sibuscascoche.com\/noticias\/wp-json\/wp\/v2\/posts"}],"about":[{"href":"https:\/\/www.sibuscascoche.com\/noticias\/wp-json\/wp\/v2\/types\/post"}],"author":[{"embeddable":true,"href":"https:\/\/www.sibuscascoche.com\/noticias\/wp-json\/wp\/v2\/users\/1"}],"replies":[{"embeddable":true,"href":"https:\/\/www.sibuscascoche.com\/noticias\/wp-json\/wp\/v2\/comments?post=3725"}],"version-history":[{"count":3,"href":"https:\/\/www.sibuscascoche.com\/noticias\/wp-json\/wp\/v2\/posts\/3725\/revisions"}],"predecessor-version":[{"id":3762,"href":"https:\/\/www.sibuscascoche.com\/noticias\/wp-json\/wp\/v2\/posts\/3725\/revisions\/3762"}],"wp:featuredmedia":[{"embeddable":true,"href":"https:\/\/www.sibuscascoche.com\/noticias\/wp-json\/wp\/v2\/media\/3751"}],"wp:attachment":[{"href":"https:\/\/www.sibuscascoche.com\/noticias\/wp-json\/wp\/v2\/media?parent=3725"}],"wp:term":[{"taxonomy":"category","embeddable":true,"href":"https:\/\/www.sibuscascoche.com\/noticias\/wp-json\/wp\/v2\/categories?post=3725"},{"taxonomy":"post_tag","embeddable":true,"href":"https:\/\/www.sibuscascoche.com\/noticias\/wp-json\/wp\/v2\/tags?post=3725"}],"curies":[{"name":"wp","href":"https:\/\/api.w.org\/{rel}","templated":true}]}}