{"id":3573,"date":"2014-12-11T13:26:13","date_gmt":"2014-12-11T12:26:13","guid":{"rendered":"https:\/\/www.sibuscascoche.com\/noticias\/?p=3573"},"modified":"2015-08-14T11:37:47","modified_gmt":"2015-08-14T09:37:47","slug":"audi-a4-cumple-20-anos","status":"publish","type":"post","link":"https:\/\/www.sibuscascoche.com\/noticias\/2014\/audi-a4-cumple-20-anos\/","title":{"rendered":"El Audi A4 cumple 20 a\u00f1os, cel\u00e9bralo con nosotros"},"content":{"rendered":"<p style=\"text-align: justify;\">Que el <span style=\"color: #0071b9;\"><a href=\"https:\/\/www.sibuscascoche.com\/coches-ocasion\/audi\/a4\"><span style=\"color: #0071b9;\">Audi A4<\/span><\/a><\/span> se ha convertido en un <strong>superventas a lo largo de veinte a\u00f1os<\/strong> no es ning\u00fan secreto. Desde que se empezara a producir en Ingolstadt en la Bavaria alemana, <strong>se han comercializado m\u00e1s de seis millones de veh\u00edculos<\/strong> y se ha convertido en uno de los referentes de Audi. Aquel modelo que vino a sustituir a los m\u00edticos Audi 80 en 1994 ha alcanzado su plenitud en su cuarta generaci\u00f3n. Hito en Audi por su r\u00e1pida e incipiente comercializaci\u00f3n, se trata de uno de los modelos m\u00e1s conocidos y prestigiosos de Audi, siendo junto con el Audi A3 uno de los pilares de la marca.<\/p>\n<p style=\"text-align: justify;\"><img loading=\"lazy\" decoding=\"async\" class=\"alignright size-full wp-image-3635\" alt=\"audi barato\" src=\"https:\/\/www.sibuscascoche.com\/noticias\/wp-content\/uploads\/2015\/01\/interior-audi-20-a\u00f1os-.jpg\" width=\"300\" height=\"200\" \/>Su fabricaci\u00f3n desde 2007 se reparte entre la factor\u00eda de Ingolstadt, de cuyas l\u00edneas de producci\u00f3n salen diariamente m\u00e1s de 700 unidades, y la planta situada en Neckarsulm, cerca de Stuttgart. Pero tambi\u00e9n Audi cuenta con otras plantas para abastecer a otros mercados en China, India e Indonesia.<\/p>\n<p style=\"text-align: justify;\">Preparando ya el lanzamiento de la quinta generaci\u00f3n, la planta de Ingolstadt est\u00e1 realizando modificaciones en su estructura e<strong> incorporando nuevas tecnolog\u00edas para afrontar la producci\u00f3n del nuevo dise\u00f1o del modelo<\/strong>. El Audi A4 se ha convertido en un s\u00edmbolo de prestigio, seguridad y confort en la conducci\u00f3n en pa\u00edses tan representativos como China, Alemania o Estados Unidos, en los que su demanda contin\u00faa creciendo. Dos millones de veh\u00edculos los que se han vendido de su \u00faltima versi\u00f3n auguran un gran \u00e9xito para la siguiente generaci\u00f3n. El \u00faltimo modelo, que se lanz\u00f3 al mercado en 2012, hab\u00eda optimizado de tal manera su rendimiento que el consumo de combustible se vio reducido en un 11%. Su propuesta de diez motorizaciones que observan escrupulosamente el ahorro de combustible y la estabilidad al volante es, en parte, la raz\u00f3n de su \u00e9xito. Potencia, seguridad en la conducci\u00f3n, su elegancia en el dise\u00f1o y las magn\u00edficas prestaciones en sus tres niveles de equipamiento: Berlina, Avant y Allroad Quattro son los otros motivos que explican por qu\u00e9 el Audi A4 se encuentra en el podium de superventas desde hace veinte a\u00f1os.<\/p>\n<p style=\"text-align: justify;\">En nuestro Concesionario tambi\u00e9n estamos celebrando el <a href=\"http:\/\/www.marcamotor.com\/2014\/11\/04\/audi\/1415107353.html\" target=\"_blank\" rel=\"noopener\"><span style=\"color: #0071b9;\">vig\u00e9simo aniversario del Audi A4<\/span><\/a>. \u00a1Aprov\u00e9chalo!<b> \u00a0<\/b>Es el momento de hacerse con uno y disfrutar de uno de los mejores autom\u00f3viles de los \u00faltimos veinte a\u00f1os.\u00a0<b><\/b><\/p>\n","protected":false},"excerpt":{"rendered":"<p>Que el Audi A4 se ha convertido en un superventas a lo largo de veinte a\u00f1os no es ning\u00fan secreto. Desde que se empezara a producir en Ingolstadt en la<\/p>\n","protected":false},"author":1,"featured_media":3632,"comment_status":"closed","ping_status":"open","sticky":false,"template":"","format":"standard","meta":{"footnotes":""},"categories":[1],"tags":[378,18,377,376],"class_list":["post-3573","post","type-post","status-publish","format-standard","has-post-thumbnail","hentry","category-actualidad","tag-a4","tag-audi","tag-celebracion","tag-cumpleanos"],"_links":{"self":[{"href":"https:\/\/www.sibuscascoche.com\/noticias\/wp-json\/wp\/v2\/posts\/3573","targetHints":{"allow":["GET"]}}],"collection":[{"href":"https:\/\/www.sibuscascoche.com\/noticias\/wp-json\/wp\/v2\/posts"}],"about":[{"href":"https:\/\/www.sibuscascoche.com\/noticias\/wp-json\/wp\/v2\/types\/post"}],"author":[{"embeddable":true,"href":"https:\/\/www.sibuscascoche.com\/noticias\/wp-json\/wp\/v2\/users\/1"}],"replies":[{"embeddable":true,"href":"https:\/\/www.sibuscascoche.com\/noticias\/wp-json\/wp\/v2\/comments?post=3573"}],"version-history":[{"count":5,"href":"https:\/\/www.sibuscascoche.com\/noticias\/wp-json\/wp\/v2\/posts\/3573\/revisions"}],"predecessor-version":[{"id":6282,"href":"https:\/\/www.sibuscascoche.com\/noticias\/wp-json\/wp\/v2\/posts\/3573\/revisions\/6282"}],"wp:featuredmedia":[{"embeddable":true,"href":"https:\/\/www.sibuscascoche.com\/noticias\/wp-json\/wp\/v2\/media\/3632"}],"wp:attachment":[{"href":"https:\/\/www.sibuscascoche.com\/noticias\/wp-json\/wp\/v2\/media?parent=3573"}],"wp:term":[{"taxonomy":"category","embeddable":true,"href":"https:\/\/www.sibuscascoche.com\/noticias\/wp-json\/wp\/v2\/categories?post=3573"},{"taxonomy":"post_tag","embeddable":true,"href":"https:\/\/www.sibuscascoche.com\/noticias\/wp-json\/wp\/v2\/tags?post=3573"}],"curies":[{"name":"wp","href":"https:\/\/api.w.org\/{rel}","templated":true}]}}