{"id":3489,"date":"2015-04-21T11:37:20","date_gmt":"2015-04-21T09:37:20","guid":{"rendered":"https:\/\/www.sibuscascoche.com\/noticias\/?p=3489"},"modified":"2015-04-21T11:37:20","modified_gmt":"2015-04-21T09:37:20","slug":"novedades-opel","status":"publish","type":"post","link":"https:\/\/www.sibuscascoche.com\/noticias\/2015\/novedades-opel\/","title":{"rendered":"Novedades Opel: Corsa, ADAM S, Mokka, Insignia y Zafira Tourer"},"content":{"rendered":"<p style=\"text-align: justify;\">Nuevo Opel Corsa, el deportivo ADAM S y nuevos motores en el Mokka, el Insignia y el Zafira Tourer. Cuatro primicias mundiales que Opel present\u00f3 en el Sal\u00f3n Internacional del Autom\u00f3vil de Par\u00eds y que representan, en palabras de Karl-Thomas Neumann, presidente y consejero delegado del Grupo Opel, \u201cla prolongaci\u00f3n de nuestra ofensiva de modelos y motorizaciones\u201d.<\/p>\n<p style=\"text-align: justify;\">Neumann explic\u00f3 que \u201cel nuevo Corsa y el ADAM S son atractivos a\u00f1adidos a nuestra gama de productos y nuestros motores de alta tecnolog\u00eda est\u00e1n en la vanguardia de la actual tecnolog\u00eda diesel\u201d.<\/p>\n<p style=\"text-align: justify;\"><b>Opel Corsa, el ultramoderno <\/b><\/p>\n<p style=\"text-align: justify;\"><img loading=\"lazy\" decoding=\"async\" class=\"alignright\" alt=\"coche segunda mano\" src=\"https:\/\/www.sibuscascoche.com\/noticias\/wp-content\/uploads\/2014\/10\/interior-novedades-opel.jpg\" width=\"300\" height=\"200\" \/>El nuevo <b>Corsa<\/b>, con m\u00e1s de 32 a\u00f1os de historia, est\u00e1 previsto que salga a finales de este a\u00f1o de la f\u00e1brica de zaragozana de Figueruelas. Su din\u00e1mica silueta y fluidas l\u00edneas presentan un Corsa<b> m\u00e1s atractivo<\/b> con un dise\u00f1o interior completamente <b>nuevo<\/b>, <b>espacioso<\/b>, <b>confortable<\/b> y repleto de la <b>mejor tecnolog\u00eda de conectividad IntelliLink<\/b> y los m\u00e1s avanzados sistemas de ayuda en conducci\u00f3n como el sistema de c\u00e1mara frontal Opel, aviso de cambio involuntario de carril y distancia de seguridad as\u00ed como de aviso de colisi\u00f3n frontal.<\/p>\n<p style=\"text-align: justify;\">Incorpora adem\u00e1s un nuevo y eficiente motor 1.0 litros turbo de tres cilindros, nueva caja de cambios y suspensiones. El compacto 1.0 ECOTEC Turbo de inyecci\u00f3n directa, todo en aluminio, est\u00e1 disponible en 90 CV\/66 kW y 115 CV\/85 kW. Ambos llegan a los 170 Nm desde s\u00f3lo 1.800 rpm.<\/p>\n<p style=\"text-align: justify;\"><b>Opel ADAM S, el peque\u00f1o deportivo<\/b><\/p>\n<p style=\"text-align: justify;\"><b><\/b><b>Opel ADAM S<\/b>, elegante y deportivo con un motor 1.4 litros Turbo ECOTEC de 150 CV\/110 kW que acelera de 0 a 100 km\/h en s\u00f3lo 8,5 segundos y logra una velocidad m\u00e1xima por encima de los 200 km\/h. Destacan igualmente los grandes frenos OPC S, hechos a medida para cada llanta, que aseguran una<strong> frenada totalmente segura.<\/strong><\/p>\n<p style=\"text-align: justify;\">El ADAM S, igual que el Corsa, tambi\u00e9n incorpora el sofisticado <b>sistema IntelliLink para conectividad y aplicaciones<\/b>, compatible con Android y Apple iOS, permitiendo a los conductores estar completamente conectados con una tecnolog\u00eda segura y f\u00e1cil de utilizar. El Opel ADAM S se empezar\u00e1 a fabricar en serie a principios de 2015 para llegar al mercado espa\u00f1ol el pr\u00f3ximo mes de marzo.<\/p>\n<p style=\"text-align: justify;\"><b style=\"line-height: 1.5em;\">Mokka 1.6 CDTI y<\/b><b style=\"line-height: 1.5em;\">2.0 CDTI para el Insignia y Zafira Tourer<\/b><\/p>\n<p style=\"text-align: justify;\"><b style=\"line-height: 1.5em;\"><\/b>El Mokka 1.6 CDTI, conocido como <strong>el \u201cdi\u00e9sel sigiloso<\/strong>\u201d, reemplazar\u00e1 al actual 1.7 di\u00e9sel en la gama. M\u00e1s potente que su antecesor, el nuevo motor de aluminio turbo di\u00e9sel 1.6 CDTI de 136 CV\/100 kW contar\u00e1 con una cilindrada inferior y sus niveles de consumo son menores, s\u00f3lo 4,1 litros cada 100 km en ciclo combinado y emite solo 109 gramos de CO2 por km.<\/p>\n<p style=\"text-align: justify;\">Por su parte, los nuevos <b>Insignia<\/b> y el <b>Zafira Tourer<\/b> incorporan un 2.0 CDTI, un 170 CV\/125 kW y un par motor de 400 Nm. Su incomparable eficiencia aportan casi un 4% m\u00e1s de potencia y un 14% m\u00e1s de par motor al tiempo que <b>reduce las emisiones de CO2<\/b> y el consumo de carburante. Menos contaminante, ruidoso y con menos vibraciones.<\/p>\n<p style=\"text-align: justify;\"><b>\u00a0<\/b><\/p>\n<p>&nbsp;<\/p>\n","protected":false},"excerpt":{"rendered":"<p>Nuevo Opel Corsa, el deportivo ADAM S y nuevos motores en el Mokka, el Insignia y el Zafira Tourer. Cuatro primicias mundiales que Opel present\u00f3 en el Sal\u00f3n Internacional del<\/p>\n","protected":false},"author":6,"featured_media":3493,"comment_status":"closed","ping_status":"open","sticky":false,"template":"","format":"standard","meta":{"footnotes":""},"categories":[1],"tags":[355,332,356,354,41,357],"class_list":["post-3489","post","type-post","status-publish","format-standard","has-post-thumbnail","hentry","category-actualidad","tag-adam","tag-corsa","tag-insignia","tag-mokka","tag-opel","tag-zafira"],"_links":{"self":[{"href":"https:\/\/www.sibuscascoche.com\/noticias\/wp-json\/wp\/v2\/posts\/3489","targetHints":{"allow":["GET"]}}],"collection":[{"href":"https:\/\/www.sibuscascoche.com\/noticias\/wp-json\/wp\/v2\/posts"}],"about":[{"href":"https:\/\/www.sibuscascoche.com\/noticias\/wp-json\/wp\/v2\/types\/post"}],"author":[{"embeddable":true,"href":"https:\/\/www.sibuscascoche.com\/noticias\/wp-json\/wp\/v2\/users\/6"}],"replies":[{"embeddable":true,"href":"https:\/\/www.sibuscascoche.com\/noticias\/wp-json\/wp\/v2\/comments?post=3489"}],"version-history":[{"count":5,"href":"https:\/\/www.sibuscascoche.com\/noticias\/wp-json\/wp\/v2\/posts\/3489\/revisions"}],"predecessor-version":[{"id":4854,"href":"https:\/\/www.sibuscascoche.com\/noticias\/wp-json\/wp\/v2\/posts\/3489\/revisions\/4854"}],"wp:featuredmedia":[{"embeddable":true,"href":"https:\/\/www.sibuscascoche.com\/noticias\/wp-json\/wp\/v2\/media\/3493"}],"wp:attachment":[{"href":"https:\/\/www.sibuscascoche.com\/noticias\/wp-json\/wp\/v2\/media?parent=3489"}],"wp:term":[{"taxonomy":"category","embeddable":true,"href":"https:\/\/www.sibuscascoche.com\/noticias\/wp-json\/wp\/v2\/categories?post=3489"},{"taxonomy":"post_tag","embeddable":true,"href":"https:\/\/www.sibuscascoche.com\/noticias\/wp-json\/wp\/v2\/tags?post=3489"}],"curies":[{"name":"wp","href":"https:\/\/api.w.org\/{rel}","templated":true}]}}