{"id":3448,"date":"2014-10-28T17:11:43","date_gmt":"2014-10-28T16:11:43","guid":{"rendered":"https:\/\/www.sibuscascoche.com\/noticias\/?p=3448"},"modified":"2014-10-28T17:11:43","modified_gmt":"2014-10-28T16:11:43","slug":"audi-tt-y-a3-sportback-e-tron-premiados","status":"publish","type":"post","link":"https:\/\/www.sibuscascoche.com\/noticias\/2014\/audi-tt-y-a3-sportback-e-tron-premiados\/","title":{"rendered":"Los Audi TT y A3 Sportback e-tron premiados en el Sal\u00f3n del Autom\u00f3vil de Par\u00eds"},"content":{"rendered":"<p style=\"text-align: justify;\"><strong>Premio al Dise\u00f1o Innovador del A\u00f1o y premios eCar<\/strong>. Audi, la marca automovil\u00edstica alemana, se alz\u00f3 con estos dos galardones entregados durante el Sal\u00f3n del Autom\u00f3vil de Par\u00eds. Condecoraciones que resumen la apuesta continua de la casa germana por innovar y trabajar la simbiosis dise\u00f1o-alto rendimiento.<\/p>\n<p style=\"text-align: justify;\"><strong><img loading=\"lazy\" decoding=\"async\" class=\"alignright size-full wp-image-3454\" title=\"Audi TT y A3 Sportback | Sibuscascoche.com\" alt=\"audi galicia\" src=\"https:\/\/www.sibuscascoche.com\/noticias\/wp-content\/uploads\/2014\/10\/interior-audi.jpg\" width=\"300\" height=\"200\" \/><\/strong>El <strong>Audi TT recibi\u00f3 el premio al Dise\u00f1o Innovador del A\u00f1o<\/strong> en el concurso convocado por Automotive Brand Contest \u00a0mientras que\u00a0 los faros Matrix LED en el Audi A8 se alzaron con el reconocimiento \u201cBest of best\u201d. Esta iluminaci\u00f3n se ha incorporado en el Audi TT Roadster y TTS Roadster, que han sido presentados en primicia mundial durante el Sal\u00f3n del Autom\u00f3vil de Par\u00eds. Cabe destacar que los faros Matrix LED ya se incorporaron en el sed\u00e1n de lujo Audi A8 el a\u00f1o pasado, obteniendo tambi\u00e9n reconocimientos en competici\u00f3n.<strong><\/strong><\/p>\n<p style=\"text-align: justify;\">Estos premios que otorgan miembros del Consejo Alem\u00e1n de Dise\u00f1o reconocieron igualmente el trabajo realizado en el <b>Audi A3 Sedan, el Audi allroad shooting brake<\/b> y la silla dise\u00f1ada en colaboraci\u00f3n entre los dise\u00f1adores de Audi, Walter de Silva y el fabricante de muebles Poltrona Frau.<strong><\/strong><\/p>\n<p style=\"text-align: justify;\">El Audi A3 Sportback e-tron y el TT offroad concept fueron adem\u00e1s ganadores de los premios eCar en las encuestas realizadas por las revistas Auto Bild y Auto Test.<\/p>\n<p style=\"text-align: justify;\"><strong style=\"line-height: 1.5em;\">Premios eCar<\/strong><\/p>\n<p style=\"text-align: justify;\"><strong style=\"line-height: 1.5em;\"><\/strong>Los premios eCar otorgados por los lectores de las revistas Auto Bild y Auto Test reconocieron el buen trabajo realizado en el <b>Audi A3 Sportback e-tron en la categor\u00eda \u201cMejor H\u00edbrido enchufable de producci\u00f3n en serie\u201d.<\/b> Todo un ejemplo en rendimiento, deportividad, confort y eficiencia, el Audi A3 Sportback e-tron llama la atenci\u00f3n por la funcionalidad cotidiana de su sistema de propulsi\u00f3n h\u00edbrido enchufable.<\/p>\n<p style=\"text-align: justify;\">Por otro lado, entre los 54 veh\u00edculos que compitieron en la quinta edici\u00f3n de los Premio eCar, el <b>Audi TT offroad concept consigui\u00f3 la mejor votaci\u00f3n en la categor\u00eda de \u201cMejor prototipo h\u00edbrido enchufable\u201d.<\/b> Este modelo, presentado el pasado mes de abril en el Sal\u00f3n Internacional del Autom\u00f3vil de Pek\u00edn destaca por su sistema h\u00edbrido enchufable que aporta un rendimiento din\u00e1mico, con dos motores el\u00e9ctricos de 408 CV (300 kW).<\/p>\n","protected":false},"excerpt":{"rendered":"<p>Premio al Dise\u00f1o Innovador del A\u00f1o y premios eCar. Audi, la marca automovil\u00edstica alemana, se alz\u00f3 con estos dos galardones entregados durante el Sal\u00f3n del Autom\u00f3vil de Par\u00eds. Condecoraciones que<\/p>\n","protected":false},"author":6,"featured_media":3453,"comment_status":"closed","ping_status":"open","sticky":false,"template":"","format":"standard","meta":{"footnotes":""},"categories":[1],"tags":[18,187,152],"class_list":["post-3448","post","type-post","status-publish","format-standard","has-post-thumbnail","hentry","category-actualidad","tag-audi","tag-audi-tt","tag-sportback"],"_links":{"self":[{"href":"https:\/\/www.sibuscascoche.com\/noticias\/wp-json\/wp\/v2\/posts\/3448","targetHints":{"allow":["GET"]}}],"collection":[{"href":"https:\/\/www.sibuscascoche.com\/noticias\/wp-json\/wp\/v2\/posts"}],"about":[{"href":"https:\/\/www.sibuscascoche.com\/noticias\/wp-json\/wp\/v2\/types\/post"}],"author":[{"embeddable":true,"href":"https:\/\/www.sibuscascoche.com\/noticias\/wp-json\/wp\/v2\/users\/6"}],"replies":[{"embeddable":true,"href":"https:\/\/www.sibuscascoche.com\/noticias\/wp-json\/wp\/v2\/comments?post=3448"}],"version-history":[{"count":4,"href":"https:\/\/www.sibuscascoche.com\/noticias\/wp-json\/wp\/v2\/posts\/3448\/revisions"}],"predecessor-version":[{"id":3502,"href":"https:\/\/www.sibuscascoche.com\/noticias\/wp-json\/wp\/v2\/posts\/3448\/revisions\/3502"}],"wp:featuredmedia":[{"embeddable":true,"href":"https:\/\/www.sibuscascoche.com\/noticias\/wp-json\/wp\/v2\/media\/3453"}],"wp:attachment":[{"href":"https:\/\/www.sibuscascoche.com\/noticias\/wp-json\/wp\/v2\/media?parent=3448"}],"wp:term":[{"taxonomy":"category","embeddable":true,"href":"https:\/\/www.sibuscascoche.com\/noticias\/wp-json\/wp\/v2\/categories?post=3448"},{"taxonomy":"post_tag","embeddable":true,"href":"https:\/\/www.sibuscascoche.com\/noticias\/wp-json\/wp\/v2\/tags?post=3448"}],"curies":[{"name":"wp","href":"https:\/\/api.w.org\/{rel}","templated":true}]}}