{"id":3438,"date":"2014-11-03T16:21:33","date_gmt":"2014-11-03T15:21:33","guid":{"rendered":"https:\/\/www.sibuscascoche.com\/noticias\/?p=3438"},"modified":"2014-11-03T16:21:33","modified_gmt":"2014-11-03T15:21:33","slug":"skoda-fabia-combi","status":"publish","type":"post","link":"https:\/\/www.sibuscascoche.com\/noticias\/2014\/skoda-fabia-combi\/","title":{"rendered":"Skoda Fabia Combi. Vers\u00e1til por dentro y por fuera"},"content":{"rendered":"<p style=\"text-align: justify;\">El Sal\u00f3n del Autom\u00f3vil de Par\u00eds present\u00f3 en primicia mundial el <b>nuevo \u0160KODA Fabia Combi<\/b>, el modelo m\u00e1s popular en el segmento A0 que se ha posicionado como l\u00edder de mercado en su segmento con m\u00e1s de 1,1 millones de \u0160KODA Fabia Combi vendidos desde el a\u00f1o 2000 en todo el mundo. En Espa\u00f1a estar\u00e1 <b>disponible a partir del pr\u00f3ximo mes de enero de 2015.<\/b><\/p>\n<p style=\"text-align: justify;\"><b><img loading=\"lazy\" decoding=\"async\" class=\"alignright size-full wp-image-3469\" alt=\"coche segunda mano\" src=\"https:\/\/www.sibuscascoche.com\/noticias\/wp-content\/uploads\/2014\/10\/interior-skoda-fabia-combi.jpg\" width=\"300\" height=\"200\" \/>Espacioso<\/b>, <b>funcional<\/b> y con un marcado car\u00e1cter <b>ecol\u00f3gico<\/b>. Esas son las se\u00f1ales de identidad de la tercera generaci\u00f3n. \u201cEs la combinaci\u00f3n perfecta de espacio, funcionalidad y dise\u00f1o emocional. Y por encima de todo, presume de la tecnolog\u00eda m\u00e1s moderna\u00bb, explica el presidente del Consejo de Direcci\u00f3n de \u0160KODA, Winfried Vahland. La nueva versi\u00f3n del \u0160KODA Fabia Combi cuenta adem\u00e1s con las cualidades m\u00e1s sobresalientes en materia de sistemas de <b>seguridad<\/b>, <b>confort<\/b> e <b>infoentretenimiento<\/b> de \u00faltima generaci\u00f3n como la tecnolog\u00eda MirrorLink y SmartGate para comunicar el veh\u00edculo con un Smartphone, m\u00e1s propios de segmentos superiores. M\u00e1s pr\u00e1ctico e inteligente con hasta 17 soluciones Simply Clever de las que diez son nuevas en este modelo.<\/p>\n<p style=\"text-align: justify;\">Vahland lo ha dejado claro: se trata de \u201cun <b>veh\u00edculo moderno y din\u00e1mico<\/b> que representa los mejores valores de marca \u0160KODA con <b>el espacio interior m\u00e1s grande en el segmento de los veh\u00edculos peque\u00f1os familiares<\/b>. Al mismo tiempo, cumple de forma sobrada los crecientes requisitos de conectividad e individualizaci\u00f3n\u201d.<\/p>\n<p style=\"text-align: justify;\"><b>Un compacto de espacio grande y m\u00e1s ecol\u00f3gico<\/b><\/p>\n<p style=\"text-align: justify;\"><b>M\u00e1s espacioso<\/b>, concretamente 21 mm m\u00e1s ancho y 8 mm m\u00e1s largo, a pesar de ser compacto en su exterior. El nuevo \u0160KODA Fabia Combi sorprende, adem\u00e1s, por la capacidad del <b>maletero de 530 litros<\/b> (1.395 litros con los asientos traseros abatidos), lo que lo posiciona como el m\u00e1s grande de su segmento al incrementar su volumen en 25 litros si se compara con su predecesor. El maletero ofrece, de forma opcional, un falso suelo ajustable, una bandeja extra\u00edble que divide el espacio en dos compartimentos horizontales, creando dos plantas de almacenamiento.<\/p>\n<p style=\"text-align: justify;\">Con proporciones din\u00e1micas y un lenguaje de dise\u00f1o moderno, el nuevo dise\u00f1o del \u0160KODA Fabia Combi impresiona con elementos del VisionC. <b>10 mm m\u00e1s largo, 90 mm m\u00e1s ancho y 31 mm m\u00e1s bajo<\/b> que su predecesor, su frontal es similar al de la versi\u00f3n hatchback. M\u00e1s deportivo gracias a la anchura a\u00f1adida y sus marcadas l\u00edneas horizontales, destaca por la unidad gr\u00e1fica de la parrilla y las luces.<\/p>\n<p style=\"text-align: justify;\">M\u00e1s ecol\u00f3gico que nunca con un <b>consumo de hasta un 17% menos<\/b> que su predecesor, su consumo se ha reducido hasta un m\u00ednimo de 3,1 litros a los 100 km y unas <b>emisiones de CO2 de solo 82 g\/Km<\/b> en el Fabia Combi GreenLine. El motivo: la generaci\u00f3n completamente nueva de motores de gasolina y di\u00e9sel, la radical reducci\u00f3n del peso hasta los 1.004 kg y las mejoras aerodin\u00e1micas.<\/p>\n<p style=\"text-align: justify;\">En cuanto a <b>motores<\/b>, se puede escoger entre <b>tres de gasolina y tres di\u00e9sel<\/b>, todos bajo la<b> <\/b>normativa de emisiones EU6 y con sistema Start-Stop y recuperaci\u00f3n de la energ\u00eda de la frenada. La potencia de los motores de gasolina va de los 75 a los 110 CV (de 55 kW hasta 81 kW), y en los di\u00e9sel de tres cilindros de los 75 a los 105 CV (de 55 kW a 77 kW). Las transmisiones son modernas cajas de cambio manuales y DSG autom\u00e1ticas.<\/p>\n<p style=\"text-align: justify;\">No te lo pienses m\u00e1s. El nuevo \u0160KODA Fabia Combi ofrece mucho m\u00e1s por poco.<\/p>\n","protected":false},"excerpt":{"rendered":"<p>El Sal\u00f3n del Autom\u00f3vil de Par\u00eds present\u00f3 en primicia mundial el nuevo \u0160KODA Fabia Combi, el modelo m\u00e1s popular en el segmento A0 que se ha posicionado como l\u00edder de<\/p>\n","protected":false},"author":6,"featured_media":3468,"comment_status":"closed","ping_status":"open","sticky":false,"template":"","format":"standard","meta":{"footnotes":""},"categories":[1],"tags":[349,264],"class_list":["post-3438","post","type-post","status-publish","format-standard","has-post-thumbnail","hentry","category-actualidad","tag-fabia","tag-skoda"],"_links":{"self":[{"href":"https:\/\/www.sibuscascoche.com\/noticias\/wp-json\/wp\/v2\/posts\/3438","targetHints":{"allow":["GET"]}}],"collection":[{"href":"https:\/\/www.sibuscascoche.com\/noticias\/wp-json\/wp\/v2\/posts"}],"about":[{"href":"https:\/\/www.sibuscascoche.com\/noticias\/wp-json\/wp\/v2\/types\/post"}],"author":[{"embeddable":true,"href":"https:\/\/www.sibuscascoche.com\/noticias\/wp-json\/wp\/v2\/users\/6"}],"replies":[{"embeddable":true,"href":"https:\/\/www.sibuscascoche.com\/noticias\/wp-json\/wp\/v2\/comments?post=3438"}],"version-history":[{"count":5,"href":"https:\/\/www.sibuscascoche.com\/noticias\/wp-json\/wp\/v2\/posts\/3438\/revisions"}],"predecessor-version":[{"id":3541,"href":"https:\/\/www.sibuscascoche.com\/noticias\/wp-json\/wp\/v2\/posts\/3438\/revisions\/3541"}],"wp:featuredmedia":[{"embeddable":true,"href":"https:\/\/www.sibuscascoche.com\/noticias\/wp-json\/wp\/v2\/media\/3468"}],"wp:attachment":[{"href":"https:\/\/www.sibuscascoche.com\/noticias\/wp-json\/wp\/v2\/media?parent=3438"}],"wp:term":[{"taxonomy":"category","embeddable":true,"href":"https:\/\/www.sibuscascoche.com\/noticias\/wp-json\/wp\/v2\/categories?post=3438"},{"taxonomy":"post_tag","embeddable":true,"href":"https:\/\/www.sibuscascoche.com\/noticias\/wp-json\/wp\/v2\/tags?post=3438"}],"curies":[{"name":"wp","href":"https:\/\/api.w.org\/{rel}","templated":true}]}}