{"id":3436,"date":"2014-11-03T16:26:40","date_gmt":"2014-11-03T15:26:40","guid":{"rendered":"https:\/\/www.sibuscascoche.com\/noticias\/?p=3436"},"modified":"2014-11-03T16:26:40","modified_gmt":"2014-11-03T15:26:40","slug":"premios-think-blue-de-volkswagen-reconocimiento-la-sostenibilidad","status":"publish","type":"post","link":"https:\/\/www.sibuscascoche.com\/noticias\/2014\/premios-think-blue-de-volkswagen-reconocimiento-la-sostenibilidad\/","title":{"rendered":"Premios Think Blue de Volkswagen. Reconocimiento a la sostenibilidad"},"content":{"rendered":"<p style=\"text-align: justify;\"><b>Reconocer el trabajo desarrollado en el campo de la movilidad sostenible<\/b>. Ese es el prop\u00f3sito con el que nacen los <b>I Premios Think Blue de Volkswagen<\/b>. La marca automovil\u00edstica alemana, l\u00edder en investigaci\u00f3n y respeto medioambiental, premiar\u00e1 con hasta 5.000 euros al proyecto que afronte el reto de la movilidad desde la <b>innovaci\u00f3n<\/b>, el <b>emprendimiento<\/b> en energ\u00edas renovables y, especialmente, la <b>sostenibilidad<\/b>.<\/p>\n<p style=\"text-align: justify;\"><img loading=\"lazy\" decoding=\"async\" class=\"alignright size-full wp-image-3472\" alt=\"volkswagen galicia\" src=\"https:\/\/www.sibuscascoche.com\/noticias\/wp-content\/uploads\/2014\/10\/interior-think-blue.jpg\" width=\"300\" height=\"200\" \/>Laura Ros, directora de Marketing de Volkswagen, explica\u00a0 que \u201clos premios quieren ser un homenaje a las personas y entidades que han desarrollado iniciativas medio ambientalmente responsables, en especial en el \u00e1mbito de la automoci\u00f3n\u201d. Bajo esa premisa, podr\u00e1n participar en cualquiera de las tres candidaturas <strong>(investigaci\u00f3n, innovaci\u00f3n y trayectoria)<\/strong> todas las entidades, grupos de trabajo o personas que trabajen en proyectos que respeten el medioambiente.<\/p>\n<p style=\"text-align: justify;\">Los I Premios Think Blue nacen de la estrecha relaci\u00f3n de Volkswagen y su pol\u00edtica de responsabilidad medioambiental. \u201cHan surgido como expresi\u00f3n de nuestra actitud como compa\u00f1\u00eda para <b>contribuir a la sostenibilidad ecol\u00f3gica<\/b>, y con estos premios lo que perseguimos es homenajear e impulsar los proyectos de estas personas que, como nosotros, se han sumado al reto global del desarrollo sostenible\u201d, explica desde Volkswagen Laura Ros. Palabras que tienen su reflejo en los tres tipos de candidaturas:<\/p>\n<p style=\"text-align: justify;\"><b>Premio a la investigaci\u00f3n<\/b>, con el que se pretende destacar el trabajo en energ\u00eda renovable y movilidad sostenible que desarrolle una persona joven o un equipo de emprendedores de entre 18 y 35 a\u00f1os. Quien se alce con el premio se llevar\u00e1 una aportaci\u00f3n econ\u00f3mica de <b>3.000 euros<\/b>, adem\u00e1s de soporte en la difusi\u00f3n y comunicaci\u00f3n del proyecto y una visita a la Think Blue. Factory de Navarra.<\/p>\n<p style=\"text-align: justify;\"><b>Premio a la innovaci\u00f3n<\/b>. Hasta <b>5.000 euros<\/b> de premio para el proyecto, creaci\u00f3n de tendencia e innovaci\u00f3n en energ\u00eda limpia y movilidad sostenible. Adem\u00e1s de la aportaci\u00f3n econ\u00f3mica Volkswagen lo apoyar\u00e1 como soporte de difusi\u00f3n y comunicaci\u00f3n.<\/p>\n<p style=\"text-align: justify;\"><b>Premio a la trayectoria<\/b> con el que se reconocer\u00e1 la trayectoria profesional dedicada a las energ\u00edas renovables y a la movilidad sostenible y <b>5.000 euros<\/b> de aportaci\u00f3n econ\u00f3mica.<\/p>\n<p style=\"text-align: justify;\"><b>Presentaci\u00f3n de candidatura<\/b><\/p>\n<p style=\"text-align: justify;\">Los interesados en participar deben enviar sus candidaturas a trav\u00e9s de la web <a title=\"thinkblue.es\" href=\"http:\/\/thinkblue.es\" target=\"_blank\" rel=\"noopener\"><span style=\"color: #0764ad;\"><strong>thinkblue.es<\/strong><\/span>.<\/a> Deber\u00e1n rellenar el formulario de participaci\u00f3n hasta el 31 de marzo de 2015. Posteriormente, el jurado formado por importantes expertos en la materia de diferentes \u00e1reas, valorar\u00e1 todas las propuestas teniendo en cuenta su capacidad de generar valor innovador y su foco en la sostenibilidad y la movilidad.<\/p>\n<p style=\"text-align: justify;\">La web de los I Premios Think Blue lo dice alto y claro: \u201cEn Volkswagen no nos conformamos con construir coches de menos CO<sub>2<\/sub>: Con Think Blue hemos desarrollado, como fabricante, una actitud global para la sostenibilidad ecol\u00f3gica\u201d. Apostemos por mejorar. Comienza el reconocimiento de ideas y proyectos sostenibles. Participa.<\/p>\n","protected":false},"excerpt":{"rendered":"<p>Reconocer el trabajo desarrollado en el campo de la movilidad sostenible. Ese es el prop\u00f3sito con el que nacen los I Premios Think Blue de Volkswagen. La marca automovil\u00edstica alemana,<\/p>\n","protected":false},"author":6,"featured_media":3471,"comment_status":"closed","ping_status":"open","sticky":false,"template":"","format":"standard","meta":{"footnotes":""},"categories":[1],"tags":[351,350,22],"class_list":["post-3436","post","type-post","status-publish","format-standard","has-post-thumbnail","hentry","category-actualidad","tag-premios","tag-think-blue","tag-volkswagen"],"_links":{"self":[{"href":"https:\/\/www.sibuscascoche.com\/noticias\/wp-json\/wp\/v2\/posts\/3436","targetHints":{"allow":["GET"]}}],"collection":[{"href":"https:\/\/www.sibuscascoche.com\/noticias\/wp-json\/wp\/v2\/posts"}],"about":[{"href":"https:\/\/www.sibuscascoche.com\/noticias\/wp-json\/wp\/v2\/types\/post"}],"author":[{"embeddable":true,"href":"https:\/\/www.sibuscascoche.com\/noticias\/wp-json\/wp\/v2\/users\/6"}],"replies":[{"embeddable":true,"href":"https:\/\/www.sibuscascoche.com\/noticias\/wp-json\/wp\/v2\/comments?post=3436"}],"version-history":[{"count":5,"href":"https:\/\/www.sibuscascoche.com\/noticias\/wp-json\/wp\/v2\/posts\/3436\/revisions"}],"predecessor-version":[{"id":3542,"href":"https:\/\/www.sibuscascoche.com\/noticias\/wp-json\/wp\/v2\/posts\/3436\/revisions\/3542"}],"wp:featuredmedia":[{"embeddable":true,"href":"https:\/\/www.sibuscascoche.com\/noticias\/wp-json\/wp\/v2\/media\/3471"}],"wp:attachment":[{"href":"https:\/\/www.sibuscascoche.com\/noticias\/wp-json\/wp\/v2\/media?parent=3436"}],"wp:term":[{"taxonomy":"category","embeddable":true,"href":"https:\/\/www.sibuscascoche.com\/noticias\/wp-json\/wp\/v2\/categories?post=3436"},{"taxonomy":"post_tag","embeddable":true,"href":"https:\/\/www.sibuscascoche.com\/noticias\/wp-json\/wp\/v2\/tags?post=3436"}],"curies":[{"name":"wp","href":"https:\/\/api.w.org\/{rel}","templated":true}]}}