{"id":3432,"date":"2014-10-29T15:58:46","date_gmt":"2014-10-29T14:58:46","guid":{"rendered":"https:\/\/www.sibuscascoche.com\/noticias\/?p=3432"},"modified":"2014-10-29T15:58:46","modified_gmt":"2014-10-29T14:58:46","slug":"multivan-premium-la-alternativa-inteligente-para-viajar-y-trabajar","status":"publish","type":"post","link":"https:\/\/www.sibuscascoche.com\/noticias\/2014\/multivan-premium-la-alternativa-inteligente-para-viajar-y-trabajar\/","title":{"rendered":"Multivan Premium, la alternativa inteligente para viajar y trabajar"},"content":{"rendered":"<p style=\"text-align: justify;\">La gama Multivan de Volkswagen Veh\u00edculos crece con el nuevo <b>Multivan Premium<\/b>, la variante <b>m\u00e1s exclusiva y competitiva<\/b> que se adapta a la perfecci\u00f3n a las necesidades de todo tipo de clientes de manera solvente. <b>Vers\u00e1til<\/b>, <b>s\u00f3lido<\/b>, <b>fiable<\/b> y muy <b>confortable<\/b>. As\u00ed es el nuevo Multivan, un modelo que es un referente en su segmento, y que llega a los concesionarios con un precio de 44.300 euros en su gama m\u00e1s b\u00e1sica.<\/p>\n<p style=\"text-align: justify;\"><img loading=\"lazy\" decoding=\"async\" class=\"alignright size-full wp-image-3451\" alt=\"volkswagen barato\" src=\"https:\/\/www.sibuscascoche.com\/noticias\/wp-content\/uploads\/2014\/10\/interior-vW-multivan.jpg\" width=\"300\" height=\"200\" \/>Sin duda, una de las caracter\u00edsticas sobresalientes del nuevo Premium es la <b>inmejorable habitabilidad interior y la amplitud<\/b> que ofrece la gama Multivan. Un modelo atractivo de enormes posibilidades gracias al equipamiento m\u00e1s completo y funcional de su categor\u00eda que se suman a su inigualable capacidad y un rendimiento sin precedentes.<\/p>\n<p style=\"text-align: justify;\">El nuevo Multivan Premium sigue la estela de la gama y se postula como la <b>alternativa ideal e inteligente para uso familiar y laboral<\/b>. Desde las posibilidades que ofrece al <b>sector empresarial<\/b>, que funciona como veh\u00edculo representativo de la firma gracias a su imponente y elegante imagen o para servicios privados de <i>shuttle<\/i> para hoteles y traslado de pasajeros VIP, hasta las innumerables ventajas funcionales que ofrece para <b>disfrutar en familia<\/b>. Su <b>habitabilidad<\/b>, <b>amplitud interior <\/b>y su <b>comodidad<\/b> convierten al Multivan Premium en el compa\u00f1ero ideal para disfrutar del viajar.<\/p>\n<p style=\"text-align: justify;\"><b>Equipamiento Premium<\/b><\/p>\n<p style=\"text-align: justify;\">Si abordamos las caracter\u00edsticas del exclusivo <b>equipamiento de serie<\/b> de la Multivan Premium, destaca su doble puerta corredera el\u00e9ctrica con cierre asistido, el sistema Climatronic de tres zonas, el radio navegador RNS 510 con conexi\u00f3n Bluetooth Premium y conexi\u00f3n Media In para dispositivos externos, los asientos calefactables en cuero\/Alc\u00e1ntara o la pantalla multifunci\u00f3n Premium a color. Elementos que aportan un plus en conducci\u00f3n c\u00f3moda y segura.<\/p>\n<p style=\"text-align: justify;\">En cuanto a los <b>sistemas de asistencia y seguridad<\/b> destacan los faros Bi-Xen\u00f3n con luz diurna LED, los antiniebla con luz de giro, el sistema Servotronic, el Park Pilot delantero y trasero y el asistente de cambio de carril Side Assist. De forma opcional puede equiparse, entre otros elementos, con llantas Toluca y Canberra de 18 pulgadas, disponer una c\u00e1mara de visi\u00f3n trasera, revestirlo con tapicer\u00eda en Napa o cuero, y a\u00f1adir el paquete de cromo exterior y el de sonido digital Dynaudio.<\/p>\n<p style=\"text-align: justify;\">Los <b>motores<\/b> del nuevo Multivan Premium, m\u00e1s potentes y eficientes, se presentan uno a <b>gasolina<\/b> (el potente TSI 2.0 de 204CV con tracci\u00f3n 4Motion y caja de cambios DSG de 7 marchas) y <b>dos versiones di\u00e9sel<\/b>: los TDI 2.0 de 140 y Bi-TDI de 180 CV. En ambos casos combinados con una caja de cambios manual de seis marchas, una DSG de siete y tracci\u00f3n 4Motion.<\/p>\n<p style=\"text-align: justify;\">Por eso, y con todo, el nuevo Multivan Premium se perfila como la opci\u00f3n inteligente e ideal de viajar y trabajar de forma segura y mucho m\u00e1s que confortable.<\/p>\n","protected":false},"excerpt":{"rendered":"<p>La gama Multivan de Volkswagen Veh\u00edculos crece con el nuevo Multivan Premium, la variante m\u00e1s exclusiva y competitiva que se adapta a la perfecci\u00f3n a las necesidades de todo tipo<\/p>\n","protected":false},"author":6,"featured_media":3450,"comment_status":"closed","ping_status":"open","sticky":false,"template":"","format":"standard","meta":{"footnotes":""},"categories":[1],"tags":[344,22],"class_list":["post-3432","post","type-post","status-publish","format-standard","has-post-thumbnail","hentry","category-actualidad","tag-multivan","tag-volkswagen"],"_links":{"self":[{"href":"https:\/\/www.sibuscascoche.com\/noticias\/wp-json\/wp\/v2\/posts\/3432","targetHints":{"allow":["GET"]}}],"collection":[{"href":"https:\/\/www.sibuscascoche.com\/noticias\/wp-json\/wp\/v2\/posts"}],"about":[{"href":"https:\/\/www.sibuscascoche.com\/noticias\/wp-json\/wp\/v2\/types\/post"}],"author":[{"embeddable":true,"href":"https:\/\/www.sibuscascoche.com\/noticias\/wp-json\/wp\/v2\/users\/6"}],"replies":[{"embeddable":true,"href":"https:\/\/www.sibuscascoche.com\/noticias\/wp-json\/wp\/v2\/comments?post=3432"}],"version-history":[{"count":4,"href":"https:\/\/www.sibuscascoche.com\/noticias\/wp-json\/wp\/v2\/posts\/3432\/revisions"}],"predecessor-version":[{"id":3503,"href":"https:\/\/www.sibuscascoche.com\/noticias\/wp-json\/wp\/v2\/posts\/3432\/revisions\/3503"}],"wp:featuredmedia":[{"embeddable":true,"href":"https:\/\/www.sibuscascoche.com\/noticias\/wp-json\/wp\/v2\/media\/3450"}],"wp:attachment":[{"href":"https:\/\/www.sibuscascoche.com\/noticias\/wp-json\/wp\/v2\/media?parent=3432"}],"wp:term":[{"taxonomy":"category","embeddable":true,"href":"https:\/\/www.sibuscascoche.com\/noticias\/wp-json\/wp\/v2\/categories?post=3432"},{"taxonomy":"post_tag","embeddable":true,"href":"https:\/\/www.sibuscascoche.com\/noticias\/wp-json\/wp\/v2\/tags?post=3432"}],"curies":[{"name":"wp","href":"https:\/\/api.w.org\/{rel}","templated":true}]}}