{"id":3385,"date":"2014-10-27T09:07:58","date_gmt":"2014-10-27T08:07:58","guid":{"rendered":"https:\/\/www.sibuscascoche.com\/noticias\/?p=3385"},"modified":"2014-10-27T09:07:58","modified_gmt":"2014-10-27T08:07:58","slug":"25-anos-del-opel-calibra","status":"publish","type":"post","link":"https:\/\/www.sibuscascoche.com\/noticias\/2014\/25-anos-del-opel-calibra\/","title":{"rendered":"25 a\u00f1os del Opel Calibra"},"content":{"rendered":"<p style=\"text-align: justify;\">Cuando el <b>Opel Calibra<\/b> fue presentado en el <b>Sal\u00f3n del Autom\u00f3vil de Frankfurt<\/b> en el a\u00f1o 1989, se coronaba una serie de veh\u00edculos de \u00e9xito en el segmento de los coup\u00e9. Un modelo que naci\u00f3 hace 25 a\u00f1os y que supuso un gran avance para su \u00e9poca por su excelente coeficiente aerodin\u00e1mico, suspensi\u00f3n trasera independiente y semi independiente, tracci\u00f3n a las cuatro ruedas y motores ultramodernos de gasolina dotados con catalizadores de serie. Un equipamiento de tanta importancia que le vali\u00f3 el reconocimiento del <b>\u201cVolante de Oro\u201d,<\/b> el premio automovil\u00edstico de mayor prestigio en Alemania.<\/p>\n<p style=\"text-align: justify;\"><img loading=\"lazy\" decoding=\"async\" class=\"alignright size-full wp-image-3388\" alt=\"coches de ocasi\u00f3n\" src=\"https:\/\/www.sibuscascoche.com\/noticias\/wp-content\/uploads\/2014\/10\/interior-opel-calibra.jpg\" width=\"300\" height=\"200\" \/>Y es que con una potencia de 115 CV, el <b>campe\u00f3n de la aerodin\u00e1mica<\/b>, alcanzaba los 203 km\/h y con 150 CV 223 km\/h. Pudiendo mantener un consumo de tan s\u00f3lo 7,7 litros por cada 100 kil\u00f3metros recorridos. Son precisamente estas cifras las que lograron convertir al <b>Opel Calibra<\/b> en un <b>sue\u00f1o asequible<\/b>, combinando un estilo deportivo y la seguridad al volante con un precio econ\u00f3mico. Es por ello que en la actualidad se ha convertido en uno de los coches cl\u00e1sicos m\u00e1s codiciados.<\/p>\n<p style=\"text-align: justify;\">Entre sus ventajas m\u00e1s destacadas se encuentra la de ser un <b>veh\u00edculo muy pr\u00e1ctico para ser usado a diario, <\/b>contando con un maletero de nada menos de 980 litros y espacio para cuatro ocupantes de manera c\u00f3moda. Adem\u00e1s de un equipamiento de serie muy generoso, con direcci\u00f3n asistida, sistema de audio con seis altavoces, lunas tintadas y caja de cambios de cinco velocidades de relaci\u00f3n cerrada.<\/p>\n<p style=\"text-align: justify;\">Para cumplir su objetivo en cuanto a <b>seguridad,<\/b> \u00a0Opel desarroll\u00f3 un sistema de protecci\u00f3n frente a los peatones, lo cual contin\u00faa siendo una prioridad de gran importancia en la actualidad. Contaba tambi\u00e9n con sistema ABS y elegantes faros de largo alcance que mejoraban al seguridad activa, y con grandes paragolpes pensados para absorber gran cantidad de la energ\u00eda en caso de colisi\u00f3n.<\/p>\n<p style=\"text-align: justify;\">Sin embargo, su historia no fue muy larga, ya que solamente pudo adquirirse hasta el a\u00f1o 1997. Para entonces, se hab\u00eda convertido en un veh\u00edculo que ofrec\u00eda una experiencia de mayor lujo. El \u00faltimo modelo que se fabric\u00f3 fue el <b>Last Edition negro,<\/b> un coche que se sigue exhibiendo en eventos relacionados con los veh\u00edculos cl\u00e1sicos, en los que por lo general termina convirti\u00e9ndose en uno de los favoritos entre las multitudes. Eso s\u00ed, su dise\u00f1o innovador, su figura estilizada y sus bordes suavizados marcar\u00edan las directrices para el dise\u00f1o de veh\u00edculos futuros.<\/p>\n","protected":false},"excerpt":{"rendered":"<p>Cuando el Opel Calibra fue presentado en el Sal\u00f3n del Autom\u00f3vil de Frankfurt en el a\u00f1o 1989, se coronaba una serie de veh\u00edculos de \u00e9xito en el segmento de los<\/p>\n","protected":false},"author":6,"featured_media":3387,"comment_status":"closed","ping_status":"open","sticky":false,"template":"","format":"standard","meta":{"footnotes":""},"categories":[1],"tags":[333,41],"class_list":["post-3385","post","type-post","status-publish","format-standard","has-post-thumbnail","hentry","category-actualidad","tag-calibra","tag-opel"],"_links":{"self":[{"href":"https:\/\/www.sibuscascoche.com\/noticias\/wp-json\/wp\/v2\/posts\/3385","targetHints":{"allow":["GET"]}}],"collection":[{"href":"https:\/\/www.sibuscascoche.com\/noticias\/wp-json\/wp\/v2\/posts"}],"about":[{"href":"https:\/\/www.sibuscascoche.com\/noticias\/wp-json\/wp\/v2\/types\/post"}],"author":[{"embeddable":true,"href":"https:\/\/www.sibuscascoche.com\/noticias\/wp-json\/wp\/v2\/users\/6"}],"replies":[{"embeddable":true,"href":"https:\/\/www.sibuscascoche.com\/noticias\/wp-json\/wp\/v2\/comments?post=3385"}],"version-history":[{"count":3,"href":"https:\/\/www.sibuscascoche.com\/noticias\/wp-json\/wp\/v2\/posts\/3385\/revisions"}],"predecessor-version":[{"id":3487,"href":"https:\/\/www.sibuscascoche.com\/noticias\/wp-json\/wp\/v2\/posts\/3385\/revisions\/3487"}],"wp:featuredmedia":[{"embeddable":true,"href":"https:\/\/www.sibuscascoche.com\/noticias\/wp-json\/wp\/v2\/media\/3387"}],"wp:attachment":[{"href":"https:\/\/www.sibuscascoche.com\/noticias\/wp-json\/wp\/v2\/media?parent=3385"}],"wp:term":[{"taxonomy":"category","embeddable":true,"href":"https:\/\/www.sibuscascoche.com\/noticias\/wp-json\/wp\/v2\/categories?post=3385"},{"taxonomy":"post_tag","embeddable":true,"href":"https:\/\/www.sibuscascoche.com\/noticias\/wp-json\/wp\/v2\/tags?post=3385"}],"curies":[{"name":"wp","href":"https:\/\/api.w.org\/{rel}","templated":true}]}}