{"id":3379,"date":"2014-10-13T13:47:10","date_gmt":"2014-10-13T11:47:10","guid":{"rendered":"https:\/\/www.sibuscascoche.com\/noticias\/?p=3379"},"modified":"2014-10-13T13:47:10","modified_gmt":"2014-10-13T11:47:10","slug":"opel-vivaro-combi","status":"publish","type":"post","link":"https:\/\/www.sibuscascoche.com\/noticias\/2014\/opel-vivaro-combi\/","title":{"rendered":"Nuevo Opel Vivaro Combi"},"content":{"rendered":"<p style=\"text-align: justify;\"><span style=\"line-height: 1.5em;\">Con motivo de la celebraci\u00f3n de la 65 edici\u00f3n del Sal\u00f3n Internacional del Veh\u00edculo Comercial de Hannover que tuvo lugar entre el 23 de septiembre y el 2 de octubre, Opel ha presentado el nuevo modelo <\/span><b style=\"line-height: 1.5em;\">Vivaro. <\/b><span style=\"line-height: 1.5em;\">Se trata de la segunda generaci\u00f3n de un veh\u00edculo que desde su nacimiento ha cosechado grandes \u00e9xitos<\/span><b style=\"line-height: 1.5em;\"> <\/b><span style=\"line-height: 1.5em;\">debido a su versatilidad, su flexibilidad y su excelente equipamiento, convirti\u00e9ndose en el medio de transporte perfecto para cubrir usos tanto profesionales como personales.<\/span><\/p>\n<p style=\"text-align: justify;\"><img loading=\"lazy\" decoding=\"async\" class=\"alignright size-full wp-image-3397\" alt=\"coches de ocasi\u00f3n\" src=\"https:\/\/www.sibuscascoche.com\/noticias\/wp-content\/uploads\/2014\/10\/interior-opel-vivaro.jpg\" width=\"300\" height=\"200\" \/>Las dos versiones del modelo furg\u00f3n, <b>Combi y Doble Cabina<\/b> pueden adquirirse en dos longitudes y en dos alturas diferentes. Pero adem\u00e1s, si lo comparamos con su predecesor, el nuevo modelo cuenta con 10 cent\u00edmetros m\u00e1s de longitud de carga y con 11,6 cent\u00edmetros m\u00e1s de longitud de cabina. Cambios que proporcionan al usuario <b>mayor capacidad de carga,<\/b> ofreciendo por ejemplo hasta 8,6 metros c\u00fabicos en el modelo furg\u00f3n. De esta forma,\u00a0 el nuevo Opel Vivaro puede ser usado para fines profesionales como veh\u00edculo de carga, pero tambi\u00e9n como oficina m\u00f3vil gracias a la gran cantidad de <b>soluciones inteligentes de almacenaje que ofrece.<\/b><\/p>\n<p style=\"text-align: justify;\"><b>Equipamiento del nuevo Opel Vivaro<\/b><\/p>\n<p style=\"text-align: justify;\">En la versi\u00f3n furg\u00f3n encontramos una <b>mampara divisoria<\/b> que separa el espacio destinado a la carga del habit\u00e1culo de la cabina. La puerta corredera situada en el lado del pasajero ha sido revestida por completo, al igual que las puertas traseras de apertura doble que permiten ser abiertas en un giro de 180 grados y, de manera opcional, hasta los 270 grados.<\/p>\n<p style=\"text-align: justify;\">Todo el interior ha sido decorado con <b>elementos cromados<\/b> para realzar el atractivo del veh\u00edculo.\u00a0 Adem\u00e1s la parte central del asiento corrido puede plegarse y ser usada como un escritorio y la parte de abajo como zona de almacenaje, con lo cual el <b>Opel Vivaro <\/b>puede convertirse en una <b>aut\u00e9ntica oficina m\u00f3vil.<\/b><\/p>\n<p style=\"text-align: justify;\">En cuanto al equipamiento tecnol\u00f3gico, el veh\u00edculo dispone de un <b>sistema de infoentretenimiento<\/b> con pantalla t\u00e1ctil y funci\u00f3n de navegaci\u00f3n, garantizando una conectividad perfecta del veh\u00edculo con el exterior.<\/p>\n<p style=\"text-align: justify;\"><b>Potencia y motor<\/b><\/p>\n<p style=\"text-align: justify;\">El nuevo <b>Opel Vivario<\/b> ofrece <b>dos motores turbo di\u00e9sel<\/b> de 90, 115, 120 y 140 CV. Cuatro configuraciones distintas que garantizan una conducci\u00f3n m\u00e1s din\u00e1mica y eficiente, ya que los dos turbos que funcionan al mismo tiempo permiten un consumo realmente bajo, pudiendo <b>circular durante 100 kil\u00f3metros con s\u00f3lo 5,7 litros de combustible<\/b>. Es por ello que las emisiones de CO2 tambi\u00e9n se han visto reducidas a 149 gr\/km. Son precisamente estas cifras las que han convertido al <b>Opel Vivaro<\/b> en un aut\u00e9ntico l\u00edder de su segmento.<\/p>\n","protected":false},"excerpt":{"rendered":"<p>Con motivo de la celebraci\u00f3n de la 65 edici\u00f3n del Sal\u00f3n Internacional del Veh\u00edculo Comercial de Hannover que tuvo lugar entre el 23 de septiembre y el 2 de octubre,<\/p>\n","protected":false},"author":6,"featured_media":3396,"comment_status":"closed","ping_status":"open","sticky":false,"template":"","format":"standard","meta":{"footnotes":""},"categories":[1],"tags":[41,336],"class_list":["post-3379","post","type-post","status-publish","format-standard","has-post-thumbnail","hentry","category-actualidad","tag-opel","tag-vivaro"],"_links":{"self":[{"href":"https:\/\/www.sibuscascoche.com\/noticias\/wp-json\/wp\/v2\/posts\/3379","targetHints":{"allow":["GET"]}}],"collection":[{"href":"https:\/\/www.sibuscascoche.com\/noticias\/wp-json\/wp\/v2\/posts"}],"about":[{"href":"https:\/\/www.sibuscascoche.com\/noticias\/wp-json\/wp\/v2\/types\/post"}],"author":[{"embeddable":true,"href":"https:\/\/www.sibuscascoche.com\/noticias\/wp-json\/wp\/v2\/users\/6"}],"replies":[{"embeddable":true,"href":"https:\/\/www.sibuscascoche.com\/noticias\/wp-json\/wp\/v2\/comments?post=3379"}],"version-history":[{"count":4,"href":"https:\/\/www.sibuscascoche.com\/noticias\/wp-json\/wp\/v2\/posts\/3379\/revisions"}],"predecessor-version":[{"id":3429,"href":"https:\/\/www.sibuscascoche.com\/noticias\/wp-json\/wp\/v2\/posts\/3379\/revisions\/3429"}],"wp:featuredmedia":[{"embeddable":true,"href":"https:\/\/www.sibuscascoche.com\/noticias\/wp-json\/wp\/v2\/media\/3396"}],"wp:attachment":[{"href":"https:\/\/www.sibuscascoche.com\/noticias\/wp-json\/wp\/v2\/media?parent=3379"}],"wp:term":[{"taxonomy":"category","embeddable":true,"href":"https:\/\/www.sibuscascoche.com\/noticias\/wp-json\/wp\/v2\/categories?post=3379"},{"taxonomy":"post_tag","embeddable":true,"href":"https:\/\/www.sibuscascoche.com\/noticias\/wp-json\/wp\/v2\/tags?post=3379"}],"curies":[{"name":"wp","href":"https:\/\/api.w.org\/{rel}","templated":true}]}}