{"id":3373,"date":"2014-10-13T13:28:00","date_gmt":"2014-10-13T11:28:00","guid":{"rendered":"https:\/\/www.sibuscascoche.com\/noticias\/?p=3373"},"modified":"2014-10-13T13:28:00","modified_gmt":"2014-10-13T11:28:00","slug":"el-coche-autonomo-de-opel","status":"publish","type":"post","link":"https:\/\/www.sibuscascoche.com\/noticias\/2014\/el-coche-autonomo-de-opel\/","title":{"rendered":"El coche aut\u00f3nomo de Opel"},"content":{"rendered":"<p style=\"text-align: justify;\">General Motors sigue desvel\u00e1ndonos informaci\u00f3n sobre el lanzamiento de su <b>sistema de conducci\u00f3n aut\u00f3noma. <\/b>Y es que<b> <\/b>se espera que otras marcas\u00a0incluyan en su cat\u00e1logo la primera versi\u00f3n de este programa entre 2016 y 2017. El objetivo es proporcionar a los conductores un instrumento m\u00e1s eficiente en cuanto a seguridad que sea capaz de prever situaciones de peligro y actuar de forma aut\u00f3noma. Es por ello que <b>Opel<\/b> ya ha empezado tambi\u00e9n a planificar un sistema muy parecido.<\/p>\n<p style=\"text-align: justify;\"><img loading=\"lazy\" decoding=\"async\" class=\"alignright size-full wp-image-3406\" alt=\"coches de ocasi\u00f3n\" src=\"https:\/\/www.sibuscascoche.com\/noticias\/wp-content\/uploads\/2014\/10\/interiors-autonomo-opel.jpg\" width=\"300\" height=\"200\" \/>La cuesti\u00f3n es que <b>General Motors<\/b> lleva ya inmerso bastante tiempo en el desarrollo de tecnolog\u00edas relacionadas con un modelo de conducci\u00f3n m\u00e1s aut\u00f3noma. Un proyecto que ha tomado como base el programa de <b>conducci\u00f3n semiaut\u00f3noma<\/b>, que funciona muy bien en escenarios muy definidos. Ahora el objetivo m\u00e1s urgente es conseguir una conducci\u00f3n m\u00e1s aut\u00f3noma en v\u00edas r\u00e1pidas y atascos.\u00a0 Por eso no tardaremos mucho en ver un sustancial crecimiento de la aplicaci\u00f3n.<\/p>\n<p style=\"text-align: justify;\">El plan de desarrollo de conducci\u00f3n aut\u00f3nomo de General Motors ha basado su programa de trabajo en la <b>tecnolog\u00eda LIDAR, <\/b>la misma que Google comenz\u00f3 a usar en sus programas de investigaci\u00f3n.\u00a0Adem\u00e1s, esta tecnolog\u00eda se ve complementada por el sistema de navegaci\u00f3n GPS y la utilizaci\u00f3n de c\u00e1maras con visi\u00f3n perif\u00e9rica.<\/p>\n<p style=\"text-align: justify;\">Cabe destacar que se han introducido tambi\u00e9n <b>protocolos de comunicaci\u00f3n V2V y <\/b>V2I para sostener la pasarela de intercambio de informaci\u00f3n y que se haga en tiempo real entre veh\u00edculos y entre veh\u00edculos e infraestructuras. <b>General Motors<\/b> ha comentado que dentro de este sistema de intercambio de informaci\u00f3n se est\u00e1n adem\u00e1s llevando a cabo pruebas con posibles sistemas que sean capaces de <b>incorporar a los peatones dentro de la red, <\/b>de manera que los veh\u00edculos que vayan circulando por la calzada puedan reconocer sus movimientos con el fin de evitar atropellos.<\/p>\n<p style=\"text-align: justify;\">Se espera que el <b>nuevo coche aut\u00f3nomo de Opel<\/b> pueda ponerse en circulaci\u00f3n en un par de a\u00f1os, introduciendo de esta forma en el mercado una tecnolog\u00eda de conducci\u00f3n aut\u00f3noma mucho m\u00e1s avanzada, lo cual supondr\u00e1 una argumentaci\u00f3n de peso de cara a las ventas en el futuro. Con ello se espera, adem\u00e1s de mejorar la experiencia de conducci\u00f3n, reducir la congesti\u00f3n del tr\u00e1fico, la contaminaci\u00f3n y los accidentes de tr\u00e1fico. Estos son actualmente los objetivos de la marca alemana.<\/p>\n","protected":false},"excerpt":{"rendered":"<p>General Motors sigue desvel\u00e1ndonos informaci\u00f3n sobre el lanzamiento de su sistema de conducci\u00f3n aut\u00f3noma. Y es que se espera que otras marcas\u00a0incluyan en su cat\u00e1logo la primera versi\u00f3n de este<\/p>\n","protected":false},"author":6,"featured_media":3405,"comment_status":"closed","ping_status":"open","sticky":false,"template":"","format":"standard","meta":{"footnotes":""},"categories":[1],"tags":[340,41],"class_list":["post-3373","post","type-post","status-publish","format-standard","has-post-thumbnail","hentry","category-actualidad","tag-autonomo","tag-opel"],"_links":{"self":[{"href":"https:\/\/www.sibuscascoche.com\/noticias\/wp-json\/wp\/v2\/posts\/3373","targetHints":{"allow":["GET"]}}],"collection":[{"href":"https:\/\/www.sibuscascoche.com\/noticias\/wp-json\/wp\/v2\/posts"}],"about":[{"href":"https:\/\/www.sibuscascoche.com\/noticias\/wp-json\/wp\/v2\/types\/post"}],"author":[{"embeddable":true,"href":"https:\/\/www.sibuscascoche.com\/noticias\/wp-json\/wp\/v2\/users\/6"}],"replies":[{"embeddable":true,"href":"https:\/\/www.sibuscascoche.com\/noticias\/wp-json\/wp\/v2\/comments?post=3373"}],"version-history":[{"count":4,"href":"https:\/\/www.sibuscascoche.com\/noticias\/wp-json\/wp\/v2\/posts\/3373\/revisions"}],"predecessor-version":[{"id":3427,"href":"https:\/\/www.sibuscascoche.com\/noticias\/wp-json\/wp\/v2\/posts\/3373\/revisions\/3427"}],"wp:featuredmedia":[{"embeddable":true,"href":"https:\/\/www.sibuscascoche.com\/noticias\/wp-json\/wp\/v2\/media\/3405"}],"wp:attachment":[{"href":"https:\/\/www.sibuscascoche.com\/noticias\/wp-json\/wp\/v2\/media?parent=3373"}],"wp:term":[{"taxonomy":"category","embeddable":true,"href":"https:\/\/www.sibuscascoche.com\/noticias\/wp-json\/wp\/v2\/categories?post=3373"},{"taxonomy":"post_tag","embeddable":true,"href":"https:\/\/www.sibuscascoche.com\/noticias\/wp-json\/wp\/v2\/tags?post=3373"}],"curies":[{"name":"wp","href":"https:\/\/api.w.org\/{rel}","templated":true}]}}