{"id":3333,"date":"2014-10-06T18:05:53","date_gmt":"2014-10-06T16:05:53","guid":{"rendered":"https:\/\/www.sibuscascoche.com\/noticias\/?p=3333"},"modified":"2015-02-02T11:08:41","modified_gmt":"2015-02-02T10:08:41","slug":"honda-cr-v-exito-global","status":"publish","type":"post","link":"https:\/\/www.sibuscascoche.com\/noticias\/2014\/honda-cr-v-exito-global\/","title":{"rendered":"Honda CR-V, \u00e9xito global"},"content":{"rendered":"<p style=\"text-align: justify;\">En los \u00faltimos a\u00f1os, Honda ha vivido una \u00e9poca de intenso auge, ganando cada d\u00eda m\u00e1s adeptos y haci\u00e9ndose m\u00e1s popular entre sus clientes. Y como no pod\u00eda ser de otra manera, el \u00faltimo lanzamiento de la marca, el <b>Honda CR-V<\/b> tambi\u00e9n ha experimentado una gran aceptaci\u00f3n entre el p\u00fablico como bien muestran las cifras publicadas por la consultora de mercado global automovil\u00edstico<b> Focus2Move<\/b>. Seg\u00fan los datos, el CR-V se ha convertido en el SUV m\u00e1s vendido en todo el mundo durante los primeros meses del 2014, con m\u00e1s de 165.000 unidades adquiridas.<\/p>\n<p style=\"text-align: justify;\">Adem\u00e1s durante el mes de mayo mantuvo su popularidad, consiguiendo estar entre los ocho modelos m\u00e1s vendidos, siendo <b>el noveno en el ranking de modelos m\u00e1s vendidos en todo el mundo<\/b> seg\u00fan los datos del segundo trimestre. Superando de esta forma a sus principales competidores, el RAV4, el Volkswagen Tiguan y el Nissan Qashqai.<\/p>\n<p style=\"text-align: justify;\"><img loading=\"lazy\" decoding=\"async\" class=\"alignright size-full wp-image-3336\" alt=\"coches de ocasi\u00f3n\" src=\"https:\/\/www.sibuscascoche.com\/noticias\/wp-content\/uploads\/2014\/10\/interior-honda-crv.jpg\" width=\"300\" height=\"200\" \/>Un \u00e9xito que adem\u00e1s se refleja en las ventas del continente europeo, especialmente gracias a la incorporaci\u00f3n del <b>motor di\u00e9sel 1.6 i-DTEC<\/b> a finales del 2013. Una tecnolog\u00eda de rendimiento optimizado de 120 CV con un <b>impacto medioambiental m\u00e1s reducido.<\/b> Sus emisiones de CO2 son de s\u00f3lo 119 gr\/km, lo cual se ve reflejado en el <b>bajo consumo del veh\u00edculo<\/b>, 4,5 litros por cada 100 kil\u00f3metros. De esta forma, la marca ha logrado dar respuesta a la demanda actual de los consumidores, cada vez m\u00e1s comprometidos con la eficiencia en el consumo y el respecto al medio ambiente.<\/p>\n<p style=\"text-align: justify;\">As\u00ed pues, durante los tres primeros meses de 2014 el Honda CR-V se ha hecho con <b>el primer puesto en el ranking de los SUV m\u00e1s vendidos en Europa.<\/b> Entre los meses de enero y junio la marca comercializ\u00f3 unos 34.000 veh\u00edculos de este modelo. Y lo mismo sucede en Espa\u00f1a donde ha sido el coche con mayor crecimiento respecto al mismo periodo del a\u00f1o anterior con 2.465 unidades vendidas.<\/p>\n<p style=\"text-align: justify;\">Cabe destacar que Honda siempre ha dirigido todos sus esfuerzos para combinar los mejores elementos de un turismo y de un SUV, tomando como <b>modelo el CR-V.<\/b> Por eso no es de extra\u00f1ar que ya vaya por la cuarta generaci\u00f3n de un modelo que se ha convertido ya en todo un cl\u00e1sico del mundo de la automoci\u00f3n. Con la creaci\u00f3n del <b>motor di\u00e9sel 1.6 i-DTEC<\/b> la firma dar\u00eda un paso m\u00e1s hacia adelante, alcanzando el <b>equilibrio ideal entre los niveles de eficiencia de un turismo y la seguridad y la funcionalidad de un SUV<\/b> y consiguiendo una excelente experiencia de conducci\u00f3n para el usuario.<\/p>\n<p><b>\u00a0<\/b><\/p>\n","protected":false},"excerpt":{"rendered":"<p>En los \u00faltimos a\u00f1os, Honda ha vivido una \u00e9poca de intenso auge, ganando cada d\u00eda m\u00e1s adeptos y haci\u00e9ndose m\u00e1s popular entre sus clientes. Y como no pod\u00eda ser de<\/p>\n","protected":false},"author":6,"featured_media":3924,"comment_status":"closed","ping_status":"open","sticky":false,"template":"","format":"standard","meta":{"footnotes":""},"categories":[1],"tags":[66,156,23],"class_list":["post-3333","post","type-post","status-publish","format-standard","has-post-thumbnail","hentry","category-actualidad","tag-compacto","tag-honda","tag-todoterreno"],"_links":{"self":[{"href":"https:\/\/www.sibuscascoche.com\/noticias\/wp-json\/wp\/v2\/posts\/3333","targetHints":{"allow":["GET"]}}],"collection":[{"href":"https:\/\/www.sibuscascoche.com\/noticias\/wp-json\/wp\/v2\/posts"}],"about":[{"href":"https:\/\/www.sibuscascoche.com\/noticias\/wp-json\/wp\/v2\/types\/post"}],"author":[{"embeddable":true,"href":"https:\/\/www.sibuscascoche.com\/noticias\/wp-json\/wp\/v2\/users\/6"}],"replies":[{"embeddable":true,"href":"https:\/\/www.sibuscascoche.com\/noticias\/wp-json\/wp\/v2\/comments?post=3333"}],"version-history":[{"count":4,"href":"https:\/\/www.sibuscascoche.com\/noticias\/wp-json\/wp\/v2\/posts\/3333\/revisions"}],"predecessor-version":[{"id":3925,"href":"https:\/\/www.sibuscascoche.com\/noticias\/wp-json\/wp\/v2\/posts\/3333\/revisions\/3925"}],"wp:featuredmedia":[{"embeddable":true,"href":"https:\/\/www.sibuscascoche.com\/noticias\/wp-json\/wp\/v2\/media\/3924"}],"wp:attachment":[{"href":"https:\/\/www.sibuscascoche.com\/noticias\/wp-json\/wp\/v2\/media?parent=3333"}],"wp:term":[{"taxonomy":"category","embeddable":true,"href":"https:\/\/www.sibuscascoche.com\/noticias\/wp-json\/wp\/v2\/categories?post=3333"},{"taxonomy":"post_tag","embeddable":true,"href":"https:\/\/www.sibuscascoche.com\/noticias\/wp-json\/wp\/v2\/tags?post=3333"}],"curies":[{"name":"wp","href":"https:\/\/api.w.org\/{rel}","templated":true}]}}