{"id":3329,"date":"2014-10-08T16:01:10","date_gmt":"2014-10-08T14:01:10","guid":{"rendered":"https:\/\/www.sibuscascoche.com\/noticias\/?p=3329"},"modified":"2015-07-03T17:04:23","modified_gmt":"2015-07-03T15:04:23","slug":"nuevos-motores-para-el-audi-a3","status":"publish","type":"post","link":"https:\/\/www.sibuscascoche.com\/noticias\/2014\/nuevos-motores-para-el-audi-a3\/","title":{"rendered":"Nuevos motores para el Audi A3"},"content":{"rendered":"<p style=\"text-align: justify;\">Recientemente <b>Audi <\/b>ha decidido realizar algunos cambios en la estructura de los motores incorporados en el <b>modelo <span style=\"color: #0079b6;\"><a href=\"https:\/\/www.sibuscascoche.com\/coches-ocasion\/audi\/a3\"><span style=\"color: #0079b6;\">Audi A3<\/span><\/a><\/span><\/b> para poder ajustarse a la normativa anticontaminaci\u00f3n Euro 6. De esta forma se ha conseguido que algunas versiones dispongan de mayor potencia al mismo tiempo que reducen el consumo.<\/p>\n<p style=\"text-align: justify;\">Las principales modificaciones se han llevado a cabo en los <b>motores de acceso.<\/b> En los modelos de gasolina, el <b>1.2 TF Si<\/b> ha pasado de 105 a 110 CV y el <b>1.4 TF Si<\/b> de 122 a 125 CV. Una optimizaci\u00f3n que puede resultar poco apreciable en lo que se refiere a prestaciones, pero que es muy interesante de cara al consumo, ya que este se ha reducido a 4,9 litros\/100 km en el primero y a 5,1 litros\/100 km en el segundo.<\/p>\n<p style=\"text-align: justify;\"><img loading=\"lazy\" decoding=\"async\" class=\"alignright size-full wp-image-3342\" alt=\"Audi barato\" src=\"https:\/\/www.sibuscascoche.com\/noticias\/wp-content\/uploads\/2014\/10\/interior-nuevos-motores.jpg\" width=\"300\" height=\"200\" \/>Pero adem\u00e1s se ha lanzado al mercado una nueva <b>versi\u00f3n 1.4 TF Si Ultra <\/b>de bajo consumo dotada con un sistema de conexi\u00f3n de cilindros que hace que el rendimiento haya pasado de los 140 a los 150 CV. Un veh\u00edculo m\u00e1s potente y funcional que los dos anteriores con un consumo m\u00e1s reducido, de 4,7 litros por cada 100 kil\u00f3metros.<\/p>\n<p style=\"text-align: justify;\">En el caso de <b>los TDI<\/b> la evoluci\u00f3n ha sido muy parecida, ya que el <b>motor 1.6 TDI<\/b> ha pasado de 105 a 110 CV, pero consiguiendo un consumo m\u00e1s reducido de <b>3,8 litros por cada 100 kil\u00f3metros,<\/b> con lo cual el impacto medioambiental tambi\u00e9n ha experimentado una leve bajada desde los 100 a los 99 gr por kil\u00f3metro. Otro de los cambios que ha experimentado la gama di\u00e9sel afecta al <b>A3 Sed\u00e1n <\/b>que recibe la versi\u00f3n m\u00e1s prestacional de 184 CV, hasta la fecha reservada solamente a las carrocer\u00edas de tres puertas y Sportback.<\/p>\n<p style=\"text-align: justify;\">Aprovechando estos cambios en la estructura de los motores de la gama, tambi\u00e9n se han realizado <b>mejoras en el equipamiento de serie<\/b>, incorporando en todas las versiones el asistente para el arranque en pendiente (Auto Hold Assist) el paquete de iluminaci\u00f3n exterior.<\/p>\n<p style=\"text-align: justify;\">De esta forma, adem\u00e1s de adaptarse a la <a href=\"http:\/\/www.coches.net\/noticias\/euro-6-en-vigor-como-nos-afecta\" target=\"_blank\" rel=\"noopener\"><span style=\"color: #0079b6;\">normativa Euro 6<\/span><\/a>, Audi ha logrado dotar a sus coches de <b>mayor potencia, mejor equipamiento y mayor eficiencia con niveles de consumo m\u00e1s reducidos<\/b> <b>que contribuyen a un menor impacto medioambiental,<\/b> respondiendo a la demanda de los conductores que buscan coches m\u00e1s funcionales pero que cada vez est\u00e1n m\u00e1s comprometidos con el medio ambiente.<\/p>\n","protected":false},"excerpt":{"rendered":"<p>Recientemente Audi ha decidido realizar algunos cambios en la estructura de los motores incorporados en el modelo Audi A3 para poder ajustarse a la normativa anticontaminaci\u00f3n Euro 6. De esta<\/p>\n","protected":false},"author":6,"featured_media":3341,"comment_status":"closed","ping_status":"open","sticky":false,"template":"","format":"standard","meta":{"footnotes":""},"categories":[1],"tags":[18,328,329],"class_list":["post-3329","post","type-post","status-publish","format-standard","has-post-thumbnail","hentry","category-actualidad","tag-audi","tag-motor","tag-motores"],"_links":{"self":[{"href":"https:\/\/www.sibuscascoche.com\/noticias\/wp-json\/wp\/v2\/posts\/3329","targetHints":{"allow":["GET"]}}],"collection":[{"href":"https:\/\/www.sibuscascoche.com\/noticias\/wp-json\/wp\/v2\/posts"}],"about":[{"href":"https:\/\/www.sibuscascoche.com\/noticias\/wp-json\/wp\/v2\/types\/post"}],"author":[{"embeddable":true,"href":"https:\/\/www.sibuscascoche.com\/noticias\/wp-json\/wp\/v2\/users\/6"}],"replies":[{"embeddable":true,"href":"https:\/\/www.sibuscascoche.com\/noticias\/wp-json\/wp\/v2\/comments?post=3329"}],"version-history":[{"count":5,"href":"https:\/\/www.sibuscascoche.com\/noticias\/wp-json\/wp\/v2\/posts\/3329\/revisions"}],"predecessor-version":[{"id":5852,"href":"https:\/\/www.sibuscascoche.com\/noticias\/wp-json\/wp\/v2\/posts\/3329\/revisions\/5852"}],"wp:featuredmedia":[{"embeddable":true,"href":"https:\/\/www.sibuscascoche.com\/noticias\/wp-json\/wp\/v2\/media\/3341"}],"wp:attachment":[{"href":"https:\/\/www.sibuscascoche.com\/noticias\/wp-json\/wp\/v2\/media?parent=3329"}],"wp:term":[{"taxonomy":"category","embeddable":true,"href":"https:\/\/www.sibuscascoche.com\/noticias\/wp-json\/wp\/v2\/categories?post=3329"},{"taxonomy":"post_tag","embeddable":true,"href":"https:\/\/www.sibuscascoche.com\/noticias\/wp-json\/wp\/v2\/tags?post=3329"}],"curies":[{"name":"wp","href":"https:\/\/api.w.org\/{rel}","templated":true}]}}