{"id":3325,"date":"2014-10-13T12:24:58","date_gmt":"2014-10-13T10:24:58","guid":{"rendered":"https:\/\/www.sibuscascoche.com\/noticias\/?p=3325"},"modified":"2014-10-13T12:24:58","modified_gmt":"2014-10-13T10:24:58","slug":"nuevo-opel-corsa","status":"publish","type":"post","link":"https:\/\/www.sibuscascoche.com\/noticias\/2014\/nuevo-opel-corsa\/","title":{"rendered":"Nuevo Opel Corsa"},"content":{"rendered":"<p style=\"text-align: justify;\">Entre los d\u00edas 4 y 19 de octubre tendr\u00e1 lugar en Par\u00eds el <b>\u201cMondial de l\u2019Automobile 2014\u201d,<\/b> lugar en el que Opel presentar\u00e1 su nuevo modelo de Corsa. A lo largo de su historia la marca se ha convertido en un indiscutible l\u00edder de ventas dentro del sector de la automoci\u00f3n con m\u00e1s de 12 millones de unidades a lo largo de cuatro generaciones.<\/p>\n<p style=\"text-align: justify;\"><img loading=\"lazy\" decoding=\"async\" class=\"alignright size-full wp-image-3348\" alt=\"Coche seminuevo\" src=\"https:\/\/www.sibuscascoche.com\/noticias\/wp-content\/uploads\/2014\/10\/interior-opel-corsa.jpg\" width=\"300\" height=\"200\" \/>La <b>quinta generaci\u00f3n del Corsa<\/b> saldr\u00e1 de la l\u00ednea de producci\u00f3n de Figueruelas (Zaragoza) y Eisenach (Alemania) antes de que termine el a\u00f1o. Un veh\u00edculo compacto con gran estilo y sofisticaci\u00f3n que se caracteriza por sus altos niveles de calidad, ofreciendo una conducci\u00f3n mucho m\u00e1s c\u00f3moda y precisa. Resaltar que adem\u00e1s ha sido dotado con un toque Premium del que hasta la fecha solamente han sido merecedores veh\u00edculos de mayor tama\u00f1o y de gamas superiores.<\/p>\n<p style=\"text-align: justify;\"><b>Motor turbo de inyecci\u00f3n directa<\/b><\/p>\n<p style=\"text-align: justify;\">El <b>Opel Corsa E<\/b> estrena un nuevo <b>motor de tres cilindros de gasolina 1.0 turboalimentado con inyecci\u00f3n directa ECOTEC<\/b> a elegir entre 90 y 115 CV. Cumpliendo de esta forma con la normativa Euro 6. Ambos otorgan al veh\u00edculo una gran suavidad en la conducci\u00f3n y una excelente capacidad de respuesta. Pero adem\u00e1s la gama queda completada con un nuevo <b>motor 1.4 Turbo de gasolina<\/b> de 140 CV\u00a0 que tambi\u00e9n cumple con la normativa europea y que puede adquirirse en 70 y 90 CV con un consumo de 1,2 y 1,4 litros respectivamente.<\/p>\n<p style=\"text-align: justify;\">En la <b>variante de di\u00e9sel<\/b> se han realizado algunos cambios en el <b>motor 1.3 CDTI<\/b>, que ha reducido sus emisiones de CO2 gracias a una reducci\u00f3n en el consumo y ofrece potencias de 75 y 95 CV. La nueva generaci\u00f3n de turbocompresores logra una aceleraci\u00f3n y una conducci\u00f3n m\u00e1s suave a bajos reg\u00edmenes.<\/p>\n<p style=\"text-align: justify;\"><b>Mayor seguridad y mejor conectividad<\/b><\/p>\n<p style=\"text-align: justify;\">El dise\u00f1o del <b>nuevo Opel Corsa<\/b> es atractivo, moderno e innovador. Su <b>sistema de infoentretenimiento<\/b> ha sido premiado como una de las mejores soluciones de conectividad compatible con sistemas Opel y Android, permitiendo ser controlados por voz. Adem\u00e1s cuenta con varios <b>sistemas de asistencia<\/b> de los mejores del mercado en la actualidad como sus faros bi-xen\u00f3n con luz diurna tipo LED, el asistente de aparcamiento avanzado (APA), los sensores del sistema de Alerta de \u00c1ngulo Muerto (SBSA), el Asistente de Arranque en Rampas (HSA), la c\u00e1mara de visi\u00f3n trasera, el Avisador de cambio Involuntario de Carril (LDW) o el Indicador de Distancia de Seguridad.<\/p>\n","protected":false},"excerpt":{"rendered":"<p>Entre los d\u00edas 4 y 19 de octubre tendr\u00e1 lugar en Par\u00eds el \u201cMondial de l\u2019Automobile 2014\u201d, lugar en el que Opel presentar\u00e1 su nuevo modelo de Corsa. A lo<\/p>\n","protected":false},"author":6,"featured_media":3347,"comment_status":"closed","ping_status":"open","sticky":false,"template":"","format":"standard","meta":{"footnotes":""},"categories":[1],"tags":[332,41],"class_list":["post-3325","post","type-post","status-publish","format-standard","has-post-thumbnail","hentry","category-actualidad","tag-corsa","tag-opel"],"_links":{"self":[{"href":"https:\/\/www.sibuscascoche.com\/noticias\/wp-json\/wp\/v2\/posts\/3325","targetHints":{"allow":["GET"]}}],"collection":[{"href":"https:\/\/www.sibuscascoche.com\/noticias\/wp-json\/wp\/v2\/posts"}],"about":[{"href":"https:\/\/www.sibuscascoche.com\/noticias\/wp-json\/wp\/v2\/types\/post"}],"author":[{"embeddable":true,"href":"https:\/\/www.sibuscascoche.com\/noticias\/wp-json\/wp\/v2\/users\/6"}],"replies":[{"embeddable":true,"href":"https:\/\/www.sibuscascoche.com\/noticias\/wp-json\/wp\/v2\/comments?post=3325"}],"version-history":[{"count":3,"href":"https:\/\/www.sibuscascoche.com\/noticias\/wp-json\/wp\/v2\/posts\/3325\/revisions"}],"predecessor-version":[{"id":3422,"href":"https:\/\/www.sibuscascoche.com\/noticias\/wp-json\/wp\/v2\/posts\/3325\/revisions\/3422"}],"wp:featuredmedia":[{"embeddable":true,"href":"https:\/\/www.sibuscascoche.com\/noticias\/wp-json\/wp\/v2\/media\/3347"}],"wp:attachment":[{"href":"https:\/\/www.sibuscascoche.com\/noticias\/wp-json\/wp\/v2\/media?parent=3325"}],"wp:term":[{"taxonomy":"category","embeddable":true,"href":"https:\/\/www.sibuscascoche.com\/noticias\/wp-json\/wp\/v2\/categories?post=3325"},{"taxonomy":"post_tag","embeddable":true,"href":"https:\/\/www.sibuscascoche.com\/noticias\/wp-json\/wp\/v2\/tags?post=3325"}],"curies":[{"name":"wp","href":"https:\/\/api.w.org\/{rel}","templated":true}]}}