{"id":3323,"date":"2014-10-10T18:00:18","date_gmt":"2014-10-10T16:00:18","guid":{"rendered":"https:\/\/www.sibuscascoche.com\/noticias\/?p=3323"},"modified":"2014-10-10T18:00:18","modified_gmt":"2014-10-10T16:00:18","slug":"por-que-se-llamo-seat-ibiza","status":"publish","type":"post","link":"https:\/\/www.sibuscascoche.com\/noticias\/2014\/por-que-se-llamo-seat-ibiza\/","title":{"rendered":"\u00bfPor qu\u00e9 se llam\u00f3 Seat Ibiza?"},"content":{"rendered":"<p style=\"text-align: justify;\">Seg\u00fan explica <b>Vincenza Magliocco<\/b>, responsable de Product Marketing del Ibiza en SEAT, elegir el nombre perfecto para un coche suele ser un proceso similar al que los padres tienen a la hora de escoger c\u00f3mo llamar\u00e1n a su hijo. En el caso del <b>Seat Ibiza,<\/b> su nombre tiene origen en los a\u00f1os 80 con el auge del turismo espa\u00f1ol. En aquel momento la idea de la compa\u00f1\u00eda era la de nombrar a cada modelo con una ciudad espa\u00f1ola e Ibiza encajaba perfectamente con el p\u00fablico objetivo al que iba dirigido este coche, joven con un car\u00e1cter desenfadado y esp\u00edritu mediterr\u00e1neo.<\/p>\n<p style=\"text-align: justify;\"><img loading=\"lazy\" decoding=\"async\" class=\"alignright size-full wp-image-3351\" alt=\"coches seminuevos\" src=\"https:\/\/www.sibuscascoche.com\/noticias\/wp-content\/uploads\/2014\/10\/interior-seat-ibiza.jpg\" width=\"300\" height=\"200\" \/>Pero el <b>Seat Ibiza<\/b> dignific\u00f3 todo un hito dentro de la marca, ya que con su lanzamiento se trazaba un nuevo camino hacia la independencia e internacionalizaci\u00f3n de la marca. <b>Ibiza se hab\u00eda convertido en un icono para el turismo extranjero, <\/b>el car\u00e1cter que se quer\u00eda imprimir al nuevo modelo. Adem\u00e1s la idea era que se tratara de un nombre f\u00e1cil de recordar y que adem\u00e1s fuese f\u00e1cil de pronunciar en todos los idiomas.<\/p>\n<p style=\"text-align: justify;\">Y es que seg\u00fan <b>Oriol Iglesias<\/b>, el director del ESADE Brand Institut, el nombre de un coche resulta fundamental para su \u00e9xito y la elecci\u00f3n de Ibiza para este modelo cumple con los tres requisitos principales que debe tener el nombre de cualquier producto: reflejar los valores que caracterizan a la marca, ser f\u00e1cil de pronunciar y recordar y funcionar en diferentes mercados internacionales. Algo muy importante para la marca Seat que exporta m\u00e1s del 80% de su producci\u00f3n a m\u00e1s de 75 pa\u00edses.<\/p>\n<p style=\"text-align: justify;\">Virginia Mar\u00ed, la alcaldesa de Ibiza, considera que <b>SEAT ha hecho un buen uso de la marca Ibiza<\/b> y ha contribuido a que el nombre traspase fronteras. La marca ha sido capaz de sintetizar el car\u00e1cter din\u00e1mico y el esp\u00edritu joven de la isla a lo largo de cuatro generaciones, manteniendo hoy esos valores de juventud y frescura y conservando\u00a0 la esencia del pa\u00eds.<\/p>\n<p style=\"text-align: justify;\">As\u00ed pues, <b>Vincenza Magliocco<\/b> cree que despu\u00e9s de 30 a\u00f1os y m\u00e1s de 5 millones de unidades vendidas, <b>la elecci\u00f3n del nombre ha resultado ser un aut\u00e9ntico acierto<\/b>. Y es que aunque el modelo ha ido ganando <b>niveles de madurez, calidad y tecnolog\u00eda<\/b>, el nombre sigue encajando perfectamente con el posicionamiento del veh\u00edculo. Adem\u00e1s considera que el esp\u00edritu de 1984 seguir\u00e1 vivo y que se a\u00f1adir\u00e1n nuevos valores y tendencias de futuro para que el modelo contin\u00fae siendo un \u00e9xito.<\/p>\n<p>&nbsp;<\/p>\n","protected":false},"excerpt":{"rendered":"<p>Seg\u00fan explica Vincenza Magliocco, responsable de Product Marketing del Ibiza en SEAT, elegir el nombre perfecto para un coche suele ser un proceso similar al que los padres tienen a<\/p>\n","protected":false},"author":6,"featured_media":3350,"comment_status":"closed","ping_status":"open","sticky":false,"template":"","format":"standard","meta":{"footnotes":""},"categories":[1],"tags":[277,117,255],"class_list":["post-3323","post","type-post","status-publish","format-standard","has-post-thumbnail","hentry","category-actualidad","tag-ibiza","tag-seat","tag-seat-ibiza"],"_links":{"self":[{"href":"https:\/\/www.sibuscascoche.com\/noticias\/wp-json\/wp\/v2\/posts\/3323","targetHints":{"allow":["GET"]}}],"collection":[{"href":"https:\/\/www.sibuscascoche.com\/noticias\/wp-json\/wp\/v2\/posts"}],"about":[{"href":"https:\/\/www.sibuscascoche.com\/noticias\/wp-json\/wp\/v2\/types\/post"}],"author":[{"embeddable":true,"href":"https:\/\/www.sibuscascoche.com\/noticias\/wp-json\/wp\/v2\/users\/6"}],"replies":[{"embeddable":true,"href":"https:\/\/www.sibuscascoche.com\/noticias\/wp-json\/wp\/v2\/comments?post=3323"}],"version-history":[{"count":3,"href":"https:\/\/www.sibuscascoche.com\/noticias\/wp-json\/wp\/v2\/posts\/3323\/revisions"}],"predecessor-version":[{"id":3417,"href":"https:\/\/www.sibuscascoche.com\/noticias\/wp-json\/wp\/v2\/posts\/3323\/revisions\/3417"}],"wp:featuredmedia":[{"embeddable":true,"href":"https:\/\/www.sibuscascoche.com\/noticias\/wp-json\/wp\/v2\/media\/3350"}],"wp:attachment":[{"href":"https:\/\/www.sibuscascoche.com\/noticias\/wp-json\/wp\/v2\/media?parent=3323"}],"wp:term":[{"taxonomy":"category","embeddable":true,"href":"https:\/\/www.sibuscascoche.com\/noticias\/wp-json\/wp\/v2\/categories?post=3323"},{"taxonomy":"post_tag","embeddable":true,"href":"https:\/\/www.sibuscascoche.com\/noticias\/wp-json\/wp\/v2\/tags?post=3323"}],"curies":[{"name":"wp","href":"https:\/\/api.w.org\/{rel}","templated":true}]}}