{"id":3312,"date":"2014-10-01T18:30:40","date_gmt":"2014-10-01T16:30:40","guid":{"rendered":"https:\/\/www.sibuscascoche.com\/noticias\/?p=3312"},"modified":"2014-10-01T18:30:41","modified_gmt":"2014-10-01T16:30:41","slug":"ventas-de-coches-suben-en-agosto","status":"publish","type":"post","link":"https:\/\/www.sibuscascoche.com\/noticias\/2014\/ventas-de-coches-suben-en-agosto\/","title":{"rendered":"Las ventas de coches, suben en agosto"},"content":{"rendered":"<p style=\"text-align: justify;\">Parece que el <b>mercado de la automoci\u00f3n<\/b> empieza a recuperarse despu\u00e9s de la bajada que supuso la crisis para la compraventa de veh\u00edculos nuevos. As\u00ed pues, el 1 de septiembre las asociaciones automovil\u00edsticas de fabricantes (ANFAC), vendedores (Ganvam) y concesionarios (Faconauto) han publicado los datos del mes de agosto con un <b>crecimiento del 13,7%<\/b> con respecto a 2013, un total de 45.355 unidades vendidas. Con lo cual se ha conseguido superar las expectativas previstas que estimaban un crecimiento inferior al 10%, en lo cual parece haber jugado un papel fundamental el <b>Plan Pive 6.<\/b><\/p>\n<p style=\"text-align: justify;\">Un dato que resulta a\u00fan m\u00e1s curioso si pensamos que agosto ha sido el mes con menor volumen de ventas. <b>Desde enero de este a\u00f1o el crecimiento ha sido del 16,4%<\/b> con respecto al a\u00f1o pasado, con un total de 583.663 unidades. De esta forma, el mercado espa\u00f1ol de autom\u00f3viles ha logrado concluir <b>un a\u00f1o completo de crecimientos mensuales sin interrupci\u00f3n.<\/b><\/p>\n<p style=\"text-align: justify;\"><img loading=\"lazy\" decoding=\"async\" class=\"alignright size-full wp-image-3314\" alt=\"coche ocasi\u00f3n\" src=\"https:\/\/www.sibuscascoche.com\/noticias\/wp-content\/uploads\/2014\/10\/interior-venta-coches.jpg\" width=\"300\" height=\"200\" \/>Las ventas a<b> clientes particulares <\/b>crecieron en un 11,4%, con un volumen de 31.377 unidades vendidas en el mes de agosto, con un aumento del 20,2% en lo que llevamos de a\u00f1o. En lo que se refiere a los veh\u00edculos de nueva matriculaci\u00f3n <b>adquiridos por empresas,<\/b> el crecimiento fue de un 191% con 12.336 unidades vendidas. Las ventas a <b>compa\u00f1\u00edas\u00a0 de alquiler de coches<\/b> crecieron en un 20,9% y un 14,2% en lo que llevamos de a\u00f1o.<\/p>\n<p style=\"text-align: justify;\">Cabe destacar que <b>los ganadores fueron los veh\u00edculos de diesel<\/b> que representaron un 68% del total, frente al 30,3% de los veh\u00edculos de motor de gasolina y al 1,7% de los el\u00e9ctricos e h\u00edbridos. En lo que llevamos de a\u00f1o, el ranking se ha mantenido pero con un 33% en el caso de los coches de gasolina, un 65,7% en el de los veh\u00edculos de diesel y un 1,3% en el de los coches el\u00e9ctricos e h\u00edbridos.<\/p>\n<p style=\"text-align: justify;\">No obstante, no todos los segmentos han formado parte de este crecimiento, sino que los veh\u00edculos de tama\u00f1o medio-bajo, los deportivos, los de ejecutivo y los de lujo han sufrido <b>ca\u00eddas en su volumen de venta en el mes de agosto.<\/b> En cualquier caso, no hay de qu\u00e9 preocuparse ya que se trata de una ca\u00edda propia de este mes, pues de todos los segmentos, el \u00fanico que est\u00e1 experimentando una <b>tendencia a la baja durante el a\u00f1o 2014<\/b> es el de los coches deportivos.<\/p>\n","protected":false},"excerpt":{"rendered":"<p>Parece que el mercado de la automoci\u00f3n empieza a recuperarse despu\u00e9s de la bajada que supuso la crisis para la compraventa de veh\u00edculos nuevos. As\u00ed pues, el 1 de septiembre<\/p>\n","protected":false},"author":6,"featured_media":3313,"comment_status":"closed","ping_status":"open","sticky":false,"template":"","format":"standard","meta":{"footnotes":""},"categories":[1],"tags":[326],"class_list":["post-3312","post","type-post","status-publish","format-standard","has-post-thumbnail","hentry","category-actualidad","tag-venta-coches"],"_links":{"self":[{"href":"https:\/\/www.sibuscascoche.com\/noticias\/wp-json\/wp\/v2\/posts\/3312","targetHints":{"allow":["GET"]}}],"collection":[{"href":"https:\/\/www.sibuscascoche.com\/noticias\/wp-json\/wp\/v2\/posts"}],"about":[{"href":"https:\/\/www.sibuscascoche.com\/noticias\/wp-json\/wp\/v2\/types\/post"}],"author":[{"embeddable":true,"href":"https:\/\/www.sibuscascoche.com\/noticias\/wp-json\/wp\/v2\/users\/6"}],"replies":[{"embeddable":true,"href":"https:\/\/www.sibuscascoche.com\/noticias\/wp-json\/wp\/v2\/comments?post=3312"}],"version-history":[{"count":2,"href":"https:\/\/www.sibuscascoche.com\/noticias\/wp-json\/wp\/v2\/posts\/3312\/revisions"}],"predecessor-version":[{"id":3317,"href":"https:\/\/www.sibuscascoche.com\/noticias\/wp-json\/wp\/v2\/posts\/3312\/revisions\/3317"}],"wp:featuredmedia":[{"embeddable":true,"href":"https:\/\/www.sibuscascoche.com\/noticias\/wp-json\/wp\/v2\/media\/3313"}],"wp:attachment":[{"href":"https:\/\/www.sibuscascoche.com\/noticias\/wp-json\/wp\/v2\/media?parent=3312"}],"wp:term":[{"taxonomy":"category","embeddable":true,"href":"https:\/\/www.sibuscascoche.com\/noticias\/wp-json\/wp\/v2\/categories?post=3312"},{"taxonomy":"post_tag","embeddable":true,"href":"https:\/\/www.sibuscascoche.com\/noticias\/wp-json\/wp\/v2\/tags?post=3312"}],"curies":[{"name":"wp","href":"https:\/\/api.w.org\/{rel}","templated":true}]}}