{"id":3225,"date":"2014-09-18T17:47:10","date_gmt":"2014-09-18T15:47:10","guid":{"rendered":"https:\/\/www.sibuscascoche.com\/noticias\/?p=3225"},"modified":"2015-06-18T09:15:43","modified_gmt":"2015-06-18T07:15:43","slug":"el-top-ten-de-la-familia-opel","status":"publish","type":"post","link":"https:\/\/www.sibuscascoche.com\/noticias\/2014\/el-top-ten-de-la-familia-opel\/","title":{"rendered":"El \u2018Top Ten\u2019 de la familia Opel"},"content":{"rendered":"<p style=\"text-align: justify;\">Los or\u00edgenes de Opel se remontan a hace m\u00e1s de un siglo, concretamente, una trayectoria de m\u00e1s de 110 a\u00f1os trabajando en base a unos valores y principios que se resumen en la expresi\u00f3n: \u201c<i>Wir leben Autos<\/i>\u201d (<strong>\u201cVivimos los autom\u00f3viles\u201d<\/strong>). Como se\u00f1alan desde la propia marca, \u201clos <span style=\"color: #0071b9;\"><a href=\"https:\/\/www.sibuscascoche.com\/coches-ocasion\/opel\"><span style=\"color: #0071b9;\">coches Opel <\/span><\/a><\/span>no s\u00f3lo se conducen, tambi\u00e9n <strong>forman parte esencial de la vida<\/strong>. En Opel sumamos nuestras experiencias personales a las de nuestros clientes para lograr que su movilidad diaria sea m\u00e1s f\u00e1cil y gratificante. Nunca dejamos de buscar nuevas formas para influir positivamente en la vida de las personas\u201d.<\/p>\n<p style=\"text-align: justify;\">El centro de Dise\u00f1o de Russelsheim es, sin duda, una pieza clave en la historia de este fabricante, y precisamente este a\u00f1o celebra su 50 cumplea\u00f1os. Con tal motivo, Mark Adms y Friedhelm Engler, m\u00e1ximos responsables de este centro, desvelan su \u2018Top Ten\u2019 de los modelos de la casa alemana, es decir, aquellos Opel inolvidables e irrepetibles.<\/p>\n<p style=\"text-align: justify;\"><img loading=\"lazy\" decoding=\"async\" class=\"alignright size-full wp-image-3227\" title=\"El \u2018Top Ten\u2019 de la familia Opel | Sibuscascoche.com \" alt=\"coche seminuevo\" src=\"https:\/\/www.sibuscascoche.com\/noticias\/wp-content\/uploads\/2014\/09\/interior-opel.jpg\" width=\"300\" height=\"200\" \/>El \u00fanico modelo actual de este ranking es el Astra GTC, un veh\u00edculo deportivo y de proporciones din\u00e1micas que se descubri\u00f3 al p\u00fablico en 2011. De <strong>l\u00edneas arqueadas y techo ligeramente bajo<\/strong> \u2013como todos los deportivos-, este Opel es atractivo a la vista y, por si fuera poco, <strong>confortable por dentro y por fuera<\/strong>. Igual de sorprendente, y tambi\u00e9n con esencia deportiva, es el Opel Speedster, un biplaza descapotable con el que la marca revolucion\u00f3 el mercado en 2001. Capaz de ponerse de 0 a 100 en tan solo 4,9 segundos, esta fiera del asfalto es un miembro estrella de la familia Opel.<\/p>\n<p style=\"text-align: justify;\">En la d\u00e9cada de los 90 destacan dos modelos: Tigra y Zafira. El primero de ellos es un peque\u00f1o deportivo con una novedosa disposici\u00f3n 2-2 y una llamativa luna trasera de forma redondeada, ideada por el japon\u00e9s Hideo Kodama. El Zafra, sin embargo, nada tiene que ver con el Opel Tigra, pues se trata de un monovolumen din\u00e1mico y que destac\u00f3 en el mercado por sus bajas cifras de consumo, nada comunes en este segmento.<\/p>\n<p style=\"text-align: justify;\">Los 80 fueron a\u00f1os en los que el Opel Omega, el Kadett E y el Calibra brillaron con luz propia. El primero de ellos es una incre\u00edble berlina con el coeficiente aerodin\u00e1mico m\u00e1s bajo de su categor\u00eda hasta que desembarc\u00f3 el Opel Calibra, un r\u00e1pido coup\u00e9 de silueta afilada. Del Kadett destacar que se llegaron a fabricar 3,8 millones de unidades.<\/p>\n<p style=\"text-align: justify;\">Uno de los cl\u00e1sicos por excelencias es el Opel Corsa, un utilitario de peque\u00f1as dimensiones \u2013tan solo 3,6 metros de longitud-, al principio m\u00e1s rectas y claras, y que evolucion\u00f3 con los a\u00f1os a una silueta m\u00e1s redondeada y, por decirlo de alguna forma, femenina. El Opel Manta es otro de los imprescindibles de esta lista. Nacido en la d\u00e9cada de los 70, este coup\u00e9 deportivo se caracterizaba por un dise\u00f1o que llam\u00f3 la atenci\u00f3n de los j\u00f3venes y del que <strong>se vendieron m\u00e1s de un mill\u00f3n de unidades.<\/strong><\/p>\n<p style=\"text-align: justify;\">Bajo el eslogan \u201cS\u00f3lo volar es mejor\u201d se present\u00f3 el Opel GT, un biplaza que irrumpi\u00f3 con fuerza en el sector de los deportivos y que inclu\u00eda sorprendente novedades como la ausencia de maletero y un peso de 940 kilos.<\/p>\n<p style=\"text-align: justify;\">Todos ellos, del primero al d\u00e9cimo, encarnan la filosof\u00eda \u201c<i>Wir Leben Autos<\/i>\u201d, ese trabajo y compromiso del que siempre hace gala el fabricante germano.<\/p>\n","protected":false},"excerpt":{"rendered":"<p>Los or\u00edgenes de Opel se remontan a hace m\u00e1s de un siglo, concretamente, una trayectoria de m\u00e1s de 110 a\u00f1os trabajando en base a unos valores y principios que se<\/p>\n","protected":false},"author":6,"featured_media":3226,"comment_status":"closed","ping_status":"open","sticky":false,"template":"","format":"standard","meta":{"footnotes":""},"categories":[1],"tags":[41],"class_list":["post-3225","post","type-post","status-publish","format-standard","has-post-thumbnail","hentry","category-actualidad","tag-opel"],"_links":{"self":[{"href":"https:\/\/www.sibuscascoche.com\/noticias\/wp-json\/wp\/v2\/posts\/3225","targetHints":{"allow":["GET"]}}],"collection":[{"href":"https:\/\/www.sibuscascoche.com\/noticias\/wp-json\/wp\/v2\/posts"}],"about":[{"href":"https:\/\/www.sibuscascoche.com\/noticias\/wp-json\/wp\/v2\/types\/post"}],"author":[{"embeddable":true,"href":"https:\/\/www.sibuscascoche.com\/noticias\/wp-json\/wp\/v2\/users\/6"}],"replies":[{"embeddable":true,"href":"https:\/\/www.sibuscascoche.com\/noticias\/wp-json\/wp\/v2\/comments?post=3225"}],"version-history":[{"count":5,"href":"https:\/\/www.sibuscascoche.com\/noticias\/wp-json\/wp\/v2\/posts\/3225\/revisions"}],"predecessor-version":[{"id":5669,"href":"https:\/\/www.sibuscascoche.com\/noticias\/wp-json\/wp\/v2\/posts\/3225\/revisions\/5669"}],"wp:featuredmedia":[{"embeddable":true,"href":"https:\/\/www.sibuscascoche.com\/noticias\/wp-json\/wp\/v2\/media\/3226"}],"wp:attachment":[{"href":"https:\/\/www.sibuscascoche.com\/noticias\/wp-json\/wp\/v2\/media?parent=3225"}],"wp:term":[{"taxonomy":"category","embeddable":true,"href":"https:\/\/www.sibuscascoche.com\/noticias\/wp-json\/wp\/v2\/categories?post=3225"},{"taxonomy":"post_tag","embeddable":true,"href":"https:\/\/www.sibuscascoche.com\/noticias\/wp-json\/wp\/v2\/tags?post=3225"}],"curies":[{"name":"wp","href":"https:\/\/api.w.org\/{rel}","templated":true}]}}