{"id":3221,"date":"2014-09-11T17:04:54","date_gmt":"2014-09-11T15:04:54","guid":{"rendered":"https:\/\/www.sibuscascoche.com\/noticias\/?p=3221"},"modified":"2014-09-11T17:04:54","modified_gmt":"2014-09-11T15:04:54","slug":"el-placer-de-viajar-en-autocaravana","status":"publish","type":"post","link":"https:\/\/www.sibuscascoche.com\/noticias\/2014\/el-placer-de-viajar-en-autocaravana\/","title":{"rendered":"El placer de viajar en autocaravana"},"content":{"rendered":"<p style=\"text-align: justify;\"><span style=\"line-height: 1.5em;\">Aunque Espa\u00f1a no es un pa\u00eds con una extensa tradici\u00f3n en lo que viajar en autocaravana se refiere, es cierto que en los \u00faltimos a\u00f1os, con motivo del auge del turismo de naturaleza, el deseo de dejar de lado el estr\u00e9s y la b\u00fasqueda de unas vacaciones econ\u00f3micas, son muchos los ciudadanos que se apuntan a esta moda de pasar unos d\u00edas sobre ruedas.<\/span><\/p>\n<p style=\"text-align: justify;\">Los atractivos de esta forma de viajar los conocemos y en el que m\u00e1s insisten los usuarios del \u201cautocaravanismo\u201d es en la <strong>sensaci\u00f3n de libertad<\/strong>. Poder cambiar de destino en el \u00faltimo momento, modificar las rutas en funci\u00f3n del tiempo meteorol\u00f3gico y no estar sujeto a los horarios de un hotel son algunas de las satisfacciones que reporta esta tendencia, pero antes de arrancar el veh\u00edculo es importante tener algunos datos en cuenta.<\/p>\n<p style=\"text-align: justify;\"><img loading=\"lazy\" decoding=\"async\" class=\"alignright size-full wp-image-3223\" alt=\"Concesionario galicia\" src=\"https:\/\/www.sibuscascoche.com\/noticias\/wp-content\/uploads\/2014\/09\/interior-autocaravana.jpg\" width=\"300\" height=\"200\" \/>El primer paso, y ya que el desconocimiento de la ley no exime de su cumplimiento, es importante tener a mano el Bolet\u00edn sobre Movilidad en la Autocaravana que edita el Ministerio del Interior. En \u00e9l se aclaran numerosos conceptos y se establece el reglamento al que debe estar sujeto el propietario de este transporte y que, por tanto, podr\u00e1 evitarle cualquier tipo de sanci\u00f3n. Evidentemente, no todos los conductores pueden ponerse al volante de una autocaravana, y si \u00e9sta pesa m\u00e1s de 3.500 kilos ser\u00e1 necesario el carnet C. Adem\u00e1s, el cuentakil\u00f3metros nunca deber\u00e1 superar, ni en autopistas ni en autov\u00edas, los 100 kil\u00f3metros por hora.<\/p>\n<p style=\"text-align: justify;\"><strong>Saber diferenciar entre estacionar y acampar,<\/strong> y hacerlo en las zonas pertinentes, es el ABC de los aficionados a moverse en autocaravana. El primero de estos ejemplos, estacionar, implica la parada del veh\u00edculo en una zona sin acondicionar y en la que, por tanto, podr\u00e1s comer, dormir dentro y elevar el techo siempre y cuando \u00e9ste no se salga del per\u00edmetro del autom\u00f3vil (no est\u00e1n permitidos, en consecuencia, los toldos o abrir las ventanas porque estos s\u00ed superan el volumen de la autocaravana). Sin embargo, nunca se podr\u00e1n poner patas estabilizadoras, ni tampoco poner ning\u00fan objeto adicional en el exterior (mesas, sillas, etc\u00e9tera). En caso de acampar en un lugar establecido para ello \u2013con se\u00f1alizaci\u00f3n oficial-, el usuario podr\u00e1 hacer pleno uso de la autocaravana porque tendr\u00e1 desde toma de agua y vaciado de aguas hasta punto de recogida de basura.<\/p>\n<p style=\"text-align: justify;\"><span style=\"line-height: 1.5em;\">Con el conocimiento pertinente de la legislaci\u00f3n y todas esas comodidades\u2026 \u00bfqui\u00e9n no se resistir\u00eda a pasar las vacaciones en la carretera?<\/span><\/p>\n<p style=\"text-align: justify;\">\n","protected":false},"excerpt":{"rendered":"<p>Aunque Espa\u00f1a no es un pa\u00eds con una extensa tradici\u00f3n en lo que viajar en autocaravana se refiere, es cierto que en los \u00faltimos a\u00f1os, con motivo del auge del<\/p>\n","protected":false},"author":6,"featured_media":3261,"comment_status":"closed","ping_status":"open","sticky":false,"template":"","format":"standard","meta":{"footnotes":""},"categories":[1],"tags":[313,314],"class_list":["post-3221","post","type-post","status-publish","format-standard","has-post-thumbnail","hentry","category-actualidad","tag-autocaravana","tag-caravana"],"_links":{"self":[{"href":"https:\/\/www.sibuscascoche.com\/noticias\/wp-json\/wp\/v2\/posts\/3221","targetHints":{"allow":["GET"]}}],"collection":[{"href":"https:\/\/www.sibuscascoche.com\/noticias\/wp-json\/wp\/v2\/posts"}],"about":[{"href":"https:\/\/www.sibuscascoche.com\/noticias\/wp-json\/wp\/v2\/types\/post"}],"author":[{"embeddable":true,"href":"https:\/\/www.sibuscascoche.com\/noticias\/wp-json\/wp\/v2\/users\/6"}],"replies":[{"embeddable":true,"href":"https:\/\/www.sibuscascoche.com\/noticias\/wp-json\/wp\/v2\/comments?post=3221"}],"version-history":[{"count":4,"href":"https:\/\/www.sibuscascoche.com\/noticias\/wp-json\/wp\/v2\/posts\/3221\/revisions"}],"predecessor-version":[{"id":3262,"href":"https:\/\/www.sibuscascoche.com\/noticias\/wp-json\/wp\/v2\/posts\/3221\/revisions\/3262"}],"wp:featuredmedia":[{"embeddable":true,"href":"https:\/\/www.sibuscascoche.com\/noticias\/wp-json\/wp\/v2\/media\/3261"}],"wp:attachment":[{"href":"https:\/\/www.sibuscascoche.com\/noticias\/wp-json\/wp\/v2\/media?parent=3221"}],"wp:term":[{"taxonomy":"category","embeddable":true,"href":"https:\/\/www.sibuscascoche.com\/noticias\/wp-json\/wp\/v2\/categories?post=3221"},{"taxonomy":"post_tag","embeddable":true,"href":"https:\/\/www.sibuscascoche.com\/noticias\/wp-json\/wp\/v2\/tags?post=3221"}],"curies":[{"name":"wp","href":"https:\/\/api.w.org\/{rel}","templated":true}]}}