{"id":3216,"date":"2014-09-18T10:07:46","date_gmt":"2014-09-18T08:07:46","guid":{"rendered":"https:\/\/www.sibuscascoche.com\/noticias\/?p=3216"},"modified":"2014-09-18T10:07:46","modified_gmt":"2014-09-18T08:07:46","slug":"skoda-fabia-2015","status":"publish","type":"post","link":"https:\/\/www.sibuscascoche.com\/noticias\/2014\/skoda-fabia-2015\/","title":{"rendered":"Skoda Fabia 2015, se termin\u00f3 la espera"},"content":{"rendered":"<p style=\"text-align: justify;\">El moderno dise\u00f1o del Skoda Fabia 2015 ya no es un misterio despu\u00e9s de que la casa checa hiciese p\u00fablicas las primeras im\u00e1genes del aspecto exterior y de algunos de sus rasgos m\u00e1s personales.<\/p>\n<p style=\"text-align: justify;\">El jefe de dise\u00f1o de Skoda, Jozef Kaba\u0148, fue el encargado de desvelar a los medios de comunicaci\u00f3n los pormenores de este utilitario que toma elementos de dise\u00f1o del prototipo Skoda VisionC. Se trata de la tercera generaci\u00f3n de los Fabia, <strong>un veh\u00edculo din\u00e1mico y urbano con un marcado aire fresco y juvenil<\/strong>, que supera en 9 cent\u00edmetros de ancho al modelo anterior y, sin embargo, se reduce su altura en 3 cent\u00edmetros. Los bordes son afilados, las l\u00edneas claras y se incluyen elementos de dise\u00f1o de cristal, aspectos que acent\u00faan esa frescura y <strong>crea un contraste entre luz y sombras.<\/strong><\/p>\n<p style=\"text-align: justify;\"><strong><\/strong>El frontal tambi\u00e9n tiene novedades interesantes, con una parrilla y unas luces que se integran en un mismo conjunto gr\u00e1fico que aporta presencia y fortaleza a la parte delantera y le acent\u00faan su anchura. Los faros, de corte preciso, y las ensanchadas luces antiniebla se suman a ese efecto.<\/p>\n<p style=\"text-align: justify;\"><img loading=\"lazy\" decoding=\"async\" class=\"alignright size-full wp-image-3218\" alt=\"veh\u00edculos de ocasi\u00f3n\" src=\"https:\/\/www.sibuscascoche.com\/noticias\/wp-content\/uploads\/2014\/09\/interior-skoda-fabia.jpg\" width=\"300\" height=\"200\" \/><\/p>\n<p style=\"text-align: justify;\">Al lado del VisionC, Kaba\u0148 <strong>destaca su personalidad deportiva y emocional<\/strong>: \u201cCreemos que es el momento adecuado para crear una conexi\u00f3n m\u00e1s fuerte entre la funcionalidad de nuestros coches y un dise\u00f1o expresivo y emocional. Podr\u00edamos decir que volvemos a nuestras ra\u00edces\u201d. En l\u00edneas generales, estamos ante un utilitario m\u00e1s espacioso, pr\u00e1ctico y c\u00f3modo para el conductor y sus ocupantes. Y es que el maletero es m\u00e1s ancho y largo y, adem\u00e1s, se convierte en el de mayor capacidad de su categor\u00eda.<\/p>\n<p style=\"text-align: justify;\">Del interior solo sabemos que el usuario se encontrar\u00e1 con un espacio vers\u00e1til en el que podr\u00e1 escoger entre numerosos elementos adicionales, pero para conocer el habit\u00e1culo a fondo todav\u00eda habr\u00e1 que esperar un poco m\u00e1s. Por otro lado, el nuevo Fabia se puede adquirir en 15 gamas crom\u00e1ticas distintas y con distinto color en el techo, las llantas y los retrovisores exteriores. El fabricante incluye hasta diez nuevas soluciones \u201cSimply clever\u201d, incluyendo la tecnolog\u00eda MirrorLink disponible en un veh\u00edculo de la marca por primera vez, para conectar un smartphone al veh\u00edculo.<\/p>\n<p style=\"text-align: justify;\">Skoda vuelve a brillar porque todo apunta a que este nuevo miembro de la familia ser\u00e1 todo un \u00e9xito. Por si fueran pocas ventajas, este modelo compacto es hasta un 17% m\u00e1s econ\u00f3mico y dispone de sistemas de asistencia innovadoras de coches de una categor\u00eda superior.<\/p>\n","protected":false},"excerpt":{"rendered":"<p>El moderno dise\u00f1o del Skoda Fabia 2015 ya no es un misterio despu\u00e9s de que la casa checa hiciese p\u00fablicas las primeras im\u00e1genes del aspecto exterior y de algunos de<\/p>\n","protected":false},"author":6,"featured_media":3217,"comment_status":"closed","ping_status":"open","sticky":false,"template":"","format":"standard","meta":{"footnotes":""},"categories":[1],"tags":[281],"class_list":["post-3216","post","type-post","status-publish","format-standard","has-post-thumbnail","hentry","category-actualidad","tag-skoda-fabia"],"_links":{"self":[{"href":"https:\/\/www.sibuscascoche.com\/noticias\/wp-json\/wp\/v2\/posts\/3216","targetHints":{"allow":["GET"]}}],"collection":[{"href":"https:\/\/www.sibuscascoche.com\/noticias\/wp-json\/wp\/v2\/posts"}],"about":[{"href":"https:\/\/www.sibuscascoche.com\/noticias\/wp-json\/wp\/v2\/types\/post"}],"author":[{"embeddable":true,"href":"https:\/\/www.sibuscascoche.com\/noticias\/wp-json\/wp\/v2\/users\/6"}],"replies":[{"embeddable":true,"href":"https:\/\/www.sibuscascoche.com\/noticias\/wp-json\/wp\/v2\/comments?post=3216"}],"version-history":[{"count":4,"href":"https:\/\/www.sibuscascoche.com\/noticias\/wp-json\/wp\/v2\/posts\/3216\/revisions"}],"predecessor-version":[{"id":3276,"href":"https:\/\/www.sibuscascoche.com\/noticias\/wp-json\/wp\/v2\/posts\/3216\/revisions\/3276"}],"wp:featuredmedia":[{"embeddable":true,"href":"https:\/\/www.sibuscascoche.com\/noticias\/wp-json\/wp\/v2\/media\/3217"}],"wp:attachment":[{"href":"https:\/\/www.sibuscascoche.com\/noticias\/wp-json\/wp\/v2\/media?parent=3216"}],"wp:term":[{"taxonomy":"category","embeddable":true,"href":"https:\/\/www.sibuscascoche.com\/noticias\/wp-json\/wp\/v2\/categories?post=3216"},{"taxonomy":"post_tag","embeddable":true,"href":"https:\/\/www.sibuscascoche.com\/noticias\/wp-json\/wp\/v2\/tags?post=3216"}],"curies":[{"name":"wp","href":"https:\/\/api.w.org\/{rel}","templated":true}]}}