{"id":3187,"date":"2014-09-10T16:33:30","date_gmt":"2014-09-10T14:33:30","guid":{"rendered":"https:\/\/www.sibuscascoche.com\/noticias\/?p=3187"},"modified":"2014-09-10T16:33:30","modified_gmt":"2014-09-10T14:33:30","slug":"hyundai-i20-2015","status":"publish","type":"post","link":"https:\/\/www.sibuscascoche.com\/noticias\/2014\/hyundai-i20-2015\/","title":{"rendered":"Nuevo Hyundai i20 2015, completamente renovado"},"content":{"rendered":"<p style=\"text-align: justify;\"><span style=\"line-height: 1.5em;\">El pr\u00f3ximo a\u00f1o asistiremos al lanzamiento del <\/span><b style=\"line-height: 1.5em;\">Hyundai i20 2015<\/b><span style=\"line-height: 1.5em;\">, una nueva generaci\u00f3n que cambiar\u00e1 por completo la imagen que ten\u00edamos de este utilitario. Un veh\u00edculo que probablemente armonizar\u00e1 las proporciones, mejorar\u00e1 el espacio y aportar\u00e1 un toque de estilo.<\/span><\/p>\n<p style=\"text-align: justify;\">Este nuevo modelo se ha dejado ver gracias a una serie de bocetos. En ellos se puede apreciar que el frontal se mantendr\u00e1 fiel a los nuevos rasgos est\u00e9ticos de la casa. Adem\u00e1s contar\u00e1 con una buena parrilla hexagonal compuesta por dos trapecios unidos, faros m\u00e1s afilados, defensas con aristas marcadas y una l\u00ednea distinguida en general.<\/p>\n<p style=\"text-align: justify;\">De esta manera la imagen exterior se presenta mucho m\u00e1s refinada que la versi\u00f3n anterior. Por poner un ejemplo, la ubicaci\u00f3n de los faros antiniebla en los extremos inferiores del parachoques le da precisamente sensaci\u00f3n de anchura a la carrocer\u00eda.<\/p>\n<p style=\"text-align: justify;\">Su longitud total alcanza los 4,035 metros, lo que supone un aumento de cuatro cent\u00edmetros m\u00e1s con respecto al modelo predecesor. Es probable que con estas medidas la capacidad del maletero se haya ampliado. Seg\u00fan la propia marca tendr\u00e1 unos 320 litros, 25 m\u00e1s que la versi\u00f3n anterior, l\u00edder en el segmento.<\/p>\n<p><img loading=\"lazy\" decoding=\"async\" class=\"alignright\" alt=\"concesionario galicia\" src=\"https:\/\/www.sibuscascoche.com\/noticias\/wp-content\/uploads\/2014\/08\/interior-hyundai-i20.jpg\" width=\"300\" height=\"169\" \/>Este Hyundai i20 2015 se presenta como la \u00faltima generaci\u00f3n del urbano de Hyundai. Su dise\u00f1o exterior adopta la filosof\u00eda de <b>Fluidic Sculpture 2.0<\/b> para conseguir una imagen m\u00e1s estilizada y madura. A primera vista observamos que dispone de un habit\u00e1culo m\u00e1s amplio gracias a una distancia entre ejes 45 mm superior.<\/p>\n<p style=\"text-align: justify;\">Siendo as\u00ed se convierte en uno de los habit\u00e1culos m\u00e1s amplios en el segmento. Sin ir m\u00e1s lejos, el espacio combinado para las piernas de las filas delantera y trasera es el mejor de su clase con 1.892 mm. Adem\u00e1s, gracias al techo solar panor\u00e1mico \u00fanico en su clase se mejora el confort y la sensaci\u00f3n de espacio para el conductor y los pasajeros.<\/p>\n<p style=\"text-align: justify;\">Aunque no llegar\u00e1 al mercado hasta el 2015, tendremos la oportunidad de verlo y disfrutarlo ya en su presentaci\u00f3n en Europa en el <b>Sal\u00f3n del Autom\u00f3vil de Par\u00eds 2014<\/b>, que se llevar\u00e1 a cabo durante las dos primeras semanas de octubre. La presentaci\u00f3n oficial m\u00e1s concretamente se realizar\u00e1 el pr\u00f3ximo 2 de octubre.<\/p>\n<p style=\"text-align: justify;\">All\u00ed veremos tres de los principales atributos clave con el que se presenta este veh\u00edculo para satisfacer las necesidades de los consumidores europeos: un espacio interior l\u00edder en su clase, alta tecnolog\u00eda de serie y unas caracter\u00edsticas que ofrecen mayor comodidad y un distintivo y refinado dise\u00f1o.<\/p>\n<p>&nbsp;<\/p>\n","protected":false},"excerpt":{"rendered":"<p>El pr\u00f3ximo a\u00f1o asistiremos al lanzamiento del Hyundai i20 2015, una nueva generaci\u00f3n que cambiar\u00e1 por completo la imagen que ten\u00edamos de este utilitario. Un veh\u00edculo que probablemente armonizar\u00e1 las<\/p>\n","protected":false},"author":6,"featured_media":3188,"comment_status":"closed","ping_status":"open","sticky":false,"template":"","format":"standard","meta":{"footnotes":""},"categories":[1],"tags":[130],"class_list":["post-3187","post","type-post","status-publish","format-standard","has-post-thumbnail","hentry","category-actualidad","tag-hyundai"],"_links":{"self":[{"href":"https:\/\/www.sibuscascoche.com\/noticias\/wp-json\/wp\/v2\/posts\/3187","targetHints":{"allow":["GET"]}}],"collection":[{"href":"https:\/\/www.sibuscascoche.com\/noticias\/wp-json\/wp\/v2\/posts"}],"about":[{"href":"https:\/\/www.sibuscascoche.com\/noticias\/wp-json\/wp\/v2\/types\/post"}],"author":[{"embeddable":true,"href":"https:\/\/www.sibuscascoche.com\/noticias\/wp-json\/wp\/v2\/users\/6"}],"replies":[{"embeddable":true,"href":"https:\/\/www.sibuscascoche.com\/noticias\/wp-json\/wp\/v2\/comments?post=3187"}],"version-history":[{"count":4,"href":"https:\/\/www.sibuscascoche.com\/noticias\/wp-json\/wp\/v2\/posts\/3187\/revisions"}],"predecessor-version":[{"id":3251,"href":"https:\/\/www.sibuscascoche.com\/noticias\/wp-json\/wp\/v2\/posts\/3187\/revisions\/3251"}],"wp:featuredmedia":[{"embeddable":true,"href":"https:\/\/www.sibuscascoche.com\/noticias\/wp-json\/wp\/v2\/media\/3188"}],"wp:attachment":[{"href":"https:\/\/www.sibuscascoche.com\/noticias\/wp-json\/wp\/v2\/media?parent=3187"}],"wp:term":[{"taxonomy":"category","embeddable":true,"href":"https:\/\/www.sibuscascoche.com\/noticias\/wp-json\/wp\/v2\/categories?post=3187"},{"taxonomy":"post_tag","embeddable":true,"href":"https:\/\/www.sibuscascoche.com\/noticias\/wp-json\/wp\/v2\/tags?post=3187"}],"curies":[{"name":"wp","href":"https:\/\/api.w.org\/{rel}","templated":true}]}}