{"id":3108,"date":"2014-08-19T13:41:18","date_gmt":"2014-08-19T11:41:18","guid":{"rendered":"https:\/\/www.sibuscascoche.com\/noticias\/?p=3108"},"modified":"2014-08-19T13:41:18","modified_gmt":"2014-08-19T11:41:18","slug":"mercedes-clase-v-marco-polo","status":"publish","type":"post","link":"https:\/\/www.sibuscascoche.com\/noticias\/2014\/mercedes-clase-v-marco-polo\/","title":{"rendered":"Mercedes Clase V Marco Polo, confort y bienestar"},"content":{"rendered":"<p style=\"text-align: justify;\"><span style=\"line-height: 1.5em;\">Del 30 de agosto al 7 de septiembre tendr\u00e1 lugar una nueva edici\u00f3n del prestigioso <\/span><b style=\"line-height: 1.5em;\">Caravan Salon de Dusseldorf<\/b><span style=\"line-height: 1.5em;\">. Este a\u00f1o, una de las principales novedades del evento ser\u00e1 la presentaci\u00f3n del nuevo <\/span><b style=\"line-height: 1.5em;\">Mercedes-Benz Clase V Marco Polo<\/b><span style=\"line-height: 1.5em;\">.<\/span><\/p>\n<p style=\"text-align: justify;\">Un nuevo modelo que aparece con un dise\u00f1o interior m\u00e1s elegante y fabricado con <strong>materiales de gran calidad.<\/strong> Un monovolumen de tipo camper que combina confort y bienestar, la dualidad de uso que permite contar con un veh\u00edculo para el d\u00eda y un hotel con ruedas durante las vacaciones y un espacio que nos recuerda r\u00e1pidamente a un sal\u00f3n lujoso.<\/p>\n<p style=\"text-align: justify;\">Entre las mejoras a destacar est\u00e1n la <strong>nueva modularidad y los espacios para dormir<\/strong> (uno en los asientos traseros y otro en el techo). Los asientos est\u00e1n tapizados con tela Santiago de color beige o negro o en cuero Lugano de color beige. Un material que, dicho sea de paso, es de f\u00e1cil limpieza.<\/p>\n<p style=\"text-align: justify;\"><img loading=\"lazy\" decoding=\"async\" class=\"alignleft size-full wp-image-3110\" alt=\"Concesionario galicia\" src=\"https:\/\/www.sibuscascoche.com\/noticias\/wp-content\/uploads\/2014\/08\/interior-mercedes-clase-V-marco-polo.jpg\" width=\"300\" height=\"200\" \/>Por su parte, el fregadero, la cocina, la nevera, las mesas y todo el espacio interior en general est\u00e1n mucho mejor presentados que en versiones anteriores. La iluminaci\u00f3n interior se realiza mediante LEDs, con dos focos principales y cuatro l\u00e1mparas de lectura en la sala de estar.<\/p>\n<p style=\"text-align: justify;\">La cocina consiste en un gran caj\u00f3n de cierre autom\u00e1tico con encimera extensible, dos cajones de cierre autom\u00e1tico m\u00e1s peque\u00f1os y un gran compartimento portaobjetos con una puerta corredera. Cuenta tambi\u00e9n con dos quemadores de gas, un refrigerador con capacidad para 40 litros y un tanque de agua dulce de 38 litros.<\/p>\n<p style=\"text-align: justify;\">Asimismo ofrece cortinillas en las ventanas delanteras, incluyendo el parabrisas, y el resto de ventanillas est\u00e1n tintadas de negro oscuro. A su vez cuenta con ventanillas de ventilaci\u00f3n y, de manera opcional, apertura del port\u00f3n trasero doble. Est\u00e9ticamente no cambia entonces mucho con respecto al modelo original.<\/p>\n<p style=\"text-align: justify;\">El Mercedes Clase V Marco Polo estar\u00e1 <strong>disponible en tres variantes<\/strong> di\u00e9sel de cuatro cilindros con turbo de 136, 163 y 190 CV correspondientes a las versiones 200 CDI, 220 CDI y 250 CDI. Otros elementos rese\u00f1ables son la fila trasera convertible en cama, diversos armarios para el almacenaje, dep\u00f3sito de agua y climatizaci\u00f3n independiente.<\/p>\n<p style=\"text-align: justify;\">Como puedes comprobar, el Mercedes Clase V Marco Polo es un veh\u00edculo pensado para los amantes de la monta\u00f1a, el aire libre y el camping. Con una <strong>armoniosa combinaci\u00f3n de colores y un dise\u00f1o de mobiliario moderno y atemporal<\/strong>, es uno de los grandes referentes en el mercado de los monovol\u00famenes polivalentes.<\/p>\n","protected":false},"excerpt":{"rendered":"<p>Del 30 de agosto al 7 de septiembre tendr\u00e1 lugar una nueva edici\u00f3n del prestigioso Caravan Salon de Dusseldorf. Este a\u00f1o, una de las principales novedades del evento ser\u00e1 la<\/p>\n","protected":false},"author":6,"featured_media":3109,"comment_status":"closed","ping_status":"open","sticky":false,"template":"","format":"standard","meta":{"footnotes":""},"categories":[1],"tags":[143,116],"class_list":["post-3108","post","type-post","status-publish","format-standard","has-post-thumbnail","hentry","category-actualidad","tag-mercedes","tag-monovolumen"],"_links":{"self":[{"href":"https:\/\/www.sibuscascoche.com\/noticias\/wp-json\/wp\/v2\/posts\/3108","targetHints":{"allow":["GET"]}}],"collection":[{"href":"https:\/\/www.sibuscascoche.com\/noticias\/wp-json\/wp\/v2\/posts"}],"about":[{"href":"https:\/\/www.sibuscascoche.com\/noticias\/wp-json\/wp\/v2\/types\/post"}],"author":[{"embeddable":true,"href":"https:\/\/www.sibuscascoche.com\/noticias\/wp-json\/wp\/v2\/users\/6"}],"replies":[{"embeddable":true,"href":"https:\/\/www.sibuscascoche.com\/noticias\/wp-json\/wp\/v2\/comments?post=3108"}],"version-history":[{"count":3,"href":"https:\/\/www.sibuscascoche.com\/noticias\/wp-json\/wp\/v2\/posts\/3108\/revisions"}],"predecessor-version":[{"id":3136,"href":"https:\/\/www.sibuscascoche.com\/noticias\/wp-json\/wp\/v2\/posts\/3108\/revisions\/3136"}],"wp:featuredmedia":[{"embeddable":true,"href":"https:\/\/www.sibuscascoche.com\/noticias\/wp-json\/wp\/v2\/media\/3109"}],"wp:attachment":[{"href":"https:\/\/www.sibuscascoche.com\/noticias\/wp-json\/wp\/v2\/media?parent=3108"}],"wp:term":[{"taxonomy":"category","embeddable":true,"href":"https:\/\/www.sibuscascoche.com\/noticias\/wp-json\/wp\/v2\/categories?post=3108"},{"taxonomy":"post_tag","embeddable":true,"href":"https:\/\/www.sibuscascoche.com\/noticias\/wp-json\/wp\/v2\/tags?post=3108"}],"curies":[{"name":"wp","href":"https:\/\/api.w.org\/{rel}","templated":true}]}}