{"id":3024,"date":"2014-08-12T10:24:40","date_gmt":"2014-08-12T08:24:40","guid":{"rendered":"https:\/\/www.sibuscascoche.com\/noticias\/?p=3024"},"modified":"2014-08-12T10:26:07","modified_gmt":"2014-08-12T08:26:07","slug":"nuevo-skoda-fabia","status":"publish","type":"post","link":"https:\/\/www.sibuscascoche.com\/noticias\/2014\/nuevo-skoda-fabia\/","title":{"rendered":"El nuevo \u0160KODA Fabia redimensiona su est\u00e9tica"},"content":{"rendered":"<p style=\"text-align: justify;\">\u0160KODA, la marca checa de autom\u00f3viles, contin\u00faa su imparable renovaci\u00f3n con el nuevo \u0160KODA Fabia, <strong>m\u00e1s moderno y con un marcado car\u00e1cter juvenil.<\/strong> A primera vista del prototipo destaca el <strong>nuevo aire de dinamismo<\/strong> y los valores de una de las compa\u00f1\u00edas automovil\u00edsticas m\u00e1s longevas del mundo.<\/p>\n<p style=\"text-align: justify;\">El nuevo \u0160KODA Fabia se suma as\u00ed al nuevo giro en dise\u00f1o e ingenier\u00eda que la subsidiaria del Grupo Volkswagen comenz\u00f3 con la presentaci\u00f3n del \u0160KODA VisionC, el coup\u00e9 de cinco puertas que posicionar\u00e1 el cambio de registro de \u0160KODA, <strong>m\u00e1s din\u00e1mico y expresivo.<\/strong><\/p>\n<p><img loading=\"lazy\" decoding=\"async\" class=\"alignright size-full wp-image-3027\" style=\"text-align: justify;\" alt=\"veh\u00edculos de ocasi\u00f3n\" src=\"https:\/\/www.sibuscascoche.com\/noticias\/wp-content\/uploads\/2014\/07\/interior-skoda-fabia.jpg\" width=\"300\" height=\"200\" \/><\/p>\n<p style=\"text-align: justify;\">Y bajo esa premisa el grupo de dise\u00f1adores de la casa checa reformula el concepto de dinamismo y emoci\u00f3n con la producci\u00f3n en serie del \u0160KODA Fabia. Un veh\u00edculo que conjuga los elementos ya comentados del VisionC y se ha inspirado para el dise\u00f1o final en el \u0160KODA Motorsport.<\/p>\n<p style=\"text-align: justify;\">Viendo el boceto del nuevo Fabia <strong>se distingue a la perfecci\u00f3n el equilibrio resultante de combinar, con la m\u00e1xima precisi\u00f3n, l\u00edneas afiladas y cortantes que se fusionan con formas cristalinas.<\/strong> El resultado, unas proporciones m\u00e1s armoniosas ganadas gracias a una mayor anchura y una carrocer\u00eda m\u00e1s horizontal. Una simetr\u00eda m\u00e1s proporcionada al redise\u00f1ar un veh\u00edculo nueve cent\u00edmetros m\u00e1s ancho y tras reducir tres cent\u00edmetros m\u00e1s de altura.<\/p>\n<p style=\"text-align: justify;\"><b>\u0160KODA, 100 a\u00f1os de experiencia<\/b><\/p>\n<p style=\"text-align: justify;\">M\u00e1s de un siglo de experiencia fabricando veh\u00edculos con una <strong>alta exigencia en el campo del dise\u00f1o.<\/strong>\u00a0 As\u00ed ha sido \u0160KODA y bajo ese par\u00e1metro la marca checa pretende revalorizar su posicionamiento en el mundo del motor. Ese \u00e9nfasis y experiencia forma ahora parte central de la nueva pol\u00edtica de la empresa que ha visto primero con el redise\u00f1o del \u0160KODA Vision<i>C<\/i>\u00a0 y ahora con el del \u0160KODA Fabia, su punto de expresi\u00f3n para renovar y ampliar su gama de veh\u00edculos.<\/p>\n","protected":false},"excerpt":{"rendered":"<p>\u0160KODA, la marca checa de autom\u00f3viles, contin\u00faa su imparable renovaci\u00f3n con el nuevo \u0160KODA Fabia, m\u00e1s moderno y con un marcado car\u00e1cter juvenil. A primera vista del prototipo destaca el<\/p>\n","protected":false},"author":6,"featured_media":3026,"comment_status":"closed","ping_status":"open","sticky":false,"template":"","format":"standard","meta":{"footnotes":""},"categories":[1],"tags":[281],"class_list":["post-3024","post","type-post","status-publish","format-standard","has-post-thumbnail","hentry","category-actualidad","tag-skoda-fabia"],"_links":{"self":[{"href":"https:\/\/www.sibuscascoche.com\/noticias\/wp-json\/wp\/v2\/posts\/3024","targetHints":{"allow":["GET"]}}],"collection":[{"href":"https:\/\/www.sibuscascoche.com\/noticias\/wp-json\/wp\/v2\/posts"}],"about":[{"href":"https:\/\/www.sibuscascoche.com\/noticias\/wp-json\/wp\/v2\/types\/post"}],"author":[{"embeddable":true,"href":"https:\/\/www.sibuscascoche.com\/noticias\/wp-json\/wp\/v2\/users\/6"}],"replies":[{"embeddable":true,"href":"https:\/\/www.sibuscascoche.com\/noticias\/wp-json\/wp\/v2\/comments?post=3024"}],"version-history":[{"count":4,"href":"https:\/\/www.sibuscascoche.com\/noticias\/wp-json\/wp\/v2\/posts\/3024\/revisions"}],"predecessor-version":[{"id":3113,"href":"https:\/\/www.sibuscascoche.com\/noticias\/wp-json\/wp\/v2\/posts\/3024\/revisions\/3113"}],"wp:featuredmedia":[{"embeddable":true,"href":"https:\/\/www.sibuscascoche.com\/noticias\/wp-json\/wp\/v2\/media\/3026"}],"wp:attachment":[{"href":"https:\/\/www.sibuscascoche.com\/noticias\/wp-json\/wp\/v2\/media?parent=3024"}],"wp:term":[{"taxonomy":"category","embeddable":true,"href":"https:\/\/www.sibuscascoche.com\/noticias\/wp-json\/wp\/v2\/categories?post=3024"},{"taxonomy":"post_tag","embeddable":true,"href":"https:\/\/www.sibuscascoche.com\/noticias\/wp-json\/wp\/v2\/tags?post=3024"}],"curies":[{"name":"wp","href":"https:\/\/api.w.org\/{rel}","templated":true}]}}