{"id":2983,"date":"2014-08-04T12:05:06","date_gmt":"2014-08-04T10:05:06","guid":{"rendered":"https:\/\/www.sibuscascoche.com\/noticias\/?p=2983"},"modified":"2014-08-04T12:05:06","modified_gmt":"2014-08-04T10:05:06","slug":"audi-movilidad-urbana","status":"publish","type":"post","link":"https:\/\/www.sibuscascoche.com\/noticias\/2014\/audi-movilidad-urbana\/","title":{"rendered":"Audi busca soluciones a los problemas de movilidad urbana"},"content":{"rendered":"<p>La movilidad urbana en el futuro es uno de los ejes fundamentales en la estrategia de responsabilidad social de la marca alemana Audi. <b>Audi Urban Future Award 2014<\/b> es una iniciativa de la compa\u00f1\u00eda de los cuatro aros, que persigue la creaci\u00f3n de propuestas para mejorar la movilidad en cuatro grandes ciudades del mundo, adem\u00e1s de aumentar la calidad de vida de los habitantes de las mismas.<\/p>\n<p>Cuatro grupos de expertos presentan ideas para solucionar los problemas de movilidad urbana en <b>Se\u00fal<\/b>, <b>Berl\u00edn<\/b>, <b>Boston <\/b>y <b>M\u00e9xico D.F.<\/b> En el proyecto participan etn\u00f3grafos, naturalistas, especialistas en tecnolog\u00edas de la informaci\u00f3n, dise\u00f1adores etc. Los autom\u00f3viles inteligentes tienen mucho que decir al respecto, ya que su desarrollo contribuir\u00e1 a hacer m\u00e1s f\u00e1cil y sostenible la vida en las grandes urbes del futuro.<\/p>\n<p>Los cuatro grupos de expertos acaban de presentar las primeras conclusiones del proyecto, en una conferencia celebrada en el Audi Forum de la ciudad de Ingolstadt. A continuaci\u00f3n, hacemos referencia a los estudios de cada uno de estos cuatro equipos:<\/p>\n<p><b><img loading=\"lazy\" decoding=\"async\" class=\"alignright size-full wp-image-2988\" title=\"Audi busca mejorar la movilidad urbana | Sibuscascoche.com\" alt=\"Audi galicia\" src=\"https:\/\/www.sibuscascoche.com\/noticias\/wp-content\/uploads\/2014\/07\/interior-audi-movilidad.jpg\" width=\"300\" height=\"200\" \/>Berl\u00edn.<\/b><\/p>\n<p><b><\/b>El grupo alem\u00e1n ha llegado a la siguiente conclusi\u00f3n: <strong>\u201cLa individualidad y la colectividad no son mutuamente excluyentes<i>\u201d<\/i><\/strong>.\u00a0 Este equipo investiga c\u00f3mo conectar un nuevo distrito con el centro de la capital germana. Los expertos estiman que los veh\u00edculos privados pueden complementarse con el transporte p\u00fablico, cubriendo ciertos huecos en el sistema. La conducci\u00f3n aut\u00f3noma y el aparcamiento asistido son otras de las tem\u00e1ticas estrella de la investigaci\u00f3n.<\/p>\n<p><b>Boston.<\/b><\/p>\n<p>Para los miembros del grupo norteamericano, las innovaciones t\u00e9cnicas y el desarrollo de la infraestructura deben ir de la mano. Avances, como el aparcamiento autom\u00e1tico, son de gran utilidad para el espacio urbano, pues contribuyen a incrementar la disponibilidad y la eficiencia.<\/p>\n<p><b>M\u00e9xico D.F.<\/b><\/p>\n<p><strong>\u201cProgreso y sostenibilidad no son contradictorios\u201d.<\/strong> Con este lema puede resumirse el trabajo llevado a cabo por los integrantes del grupo mexicano. La capital azteca es uno de los n\u00facleos poblacionales m\u00e1s congestionados de tr\u00e1fico del planeta. Los expertos est\u00e1n analizando una serie de datos sobre flujo y movilidad urbana, para adoptar soluciones que mejoren la situaci\u00f3n en el futuro.<\/p>\n<p><b>Se\u00fal.<\/b><\/p>\n<p>Los surcoreanos estiman que lo real y lo virtual terminar\u00e1n convergiendo y fusion\u00e1ndose. Los autom\u00f3viles conectados ya son una realidad y consiguen hacer la vida m\u00e1s sencilla, c\u00f3moda y f\u00e1cil de planificar. Las tecnolog\u00edas Audi Connect y las pantallas Smart de la marca est\u00e1n aportando informaci\u00f3n valiosa al proyecto de Se\u00fal.<\/p>\n<p>Seg\u00fan los portavoces de Audi, la anticipaci\u00f3n es un elemento crucial en la pol\u00edtica de responsabilidad social corporativa de la marca. El <b>Audi Urban Future Award 2014<\/b> es un magn\u00edfico bot\u00f3n de muestra al respecto. El pr\u00f3ximo oto\u00f1o, un jurado internacional elegir\u00e1 el proyecto ganador (Se\u00fal, Berl\u00edn, M\u00e9xico D.F. o Boston). Los cuatro grupos luchan por un premio econ\u00f3mico de 100.000 euros.<\/p>\n","protected":false},"excerpt":{"rendered":"<p>La movilidad urbana en el futuro es uno de los ejes fundamentales en la estrategia de responsabilidad social de la marca alemana Audi. Audi Urban Future Award 2014 es una<\/p>\n","protected":false},"author":6,"featured_media":2984,"comment_status":"closed","ping_status":"open","sticky":false,"template":"","format":"standard","meta":{"footnotes":""},"categories":[1],"tags":[280,269],"class_list":["post-2983","post","type-post","status-publish","format-standard","has-post-thumbnail","hentry","category-actualidad","tag-audi-movilidad","tag-movilidad-urbana"],"_links":{"self":[{"href":"https:\/\/www.sibuscascoche.com\/noticias\/wp-json\/wp\/v2\/posts\/2983","targetHints":{"allow":["GET"]}}],"collection":[{"href":"https:\/\/www.sibuscascoche.com\/noticias\/wp-json\/wp\/v2\/posts"}],"about":[{"href":"https:\/\/www.sibuscascoche.com\/noticias\/wp-json\/wp\/v2\/types\/post"}],"author":[{"embeddable":true,"href":"https:\/\/www.sibuscascoche.com\/noticias\/wp-json\/wp\/v2\/users\/6"}],"replies":[{"embeddable":true,"href":"https:\/\/www.sibuscascoche.com\/noticias\/wp-json\/wp\/v2\/comments?post=2983"}],"version-history":[{"count":7,"href":"https:\/\/www.sibuscascoche.com\/noticias\/wp-json\/wp\/v2\/posts\/2983\/revisions"}],"predecessor-version":[{"id":3085,"href":"https:\/\/www.sibuscascoche.com\/noticias\/wp-json\/wp\/v2\/posts\/2983\/revisions\/3085"}],"wp:featuredmedia":[{"embeddable":true,"href":"https:\/\/www.sibuscascoche.com\/noticias\/wp-json\/wp\/v2\/media\/2984"}],"wp:attachment":[{"href":"https:\/\/www.sibuscascoche.com\/noticias\/wp-json\/wp\/v2\/media?parent=2983"}],"wp:term":[{"taxonomy":"category","embeddable":true,"href":"https:\/\/www.sibuscascoche.com\/noticias\/wp-json\/wp\/v2\/categories?post=2983"},{"taxonomy":"post_tag","embeddable":true,"href":"https:\/\/www.sibuscascoche.com\/noticias\/wp-json\/wp\/v2\/tags?post=2983"}],"curies":[{"name":"wp","href":"https:\/\/api.w.org\/{rel}","templated":true}]}}