{"id":2978,"date":"2014-07-24T12:49:22","date_gmt":"2014-07-24T10:49:22","guid":{"rendered":"https:\/\/www.sibuscascoche.com\/noticias\/?p=2978"},"modified":"2015-06-17T16:57:55","modified_gmt":"2015-06-17T14:57:55","slug":"exito-ventas-seat","status":"publish","type":"post","link":"https:\/\/www.sibuscascoche.com\/noticias\/2014\/exito-ventas-seat\/","title":{"rendered":"\u00c9xito de ventas en Seat"},"content":{"rendered":"<p style=\"text-align: justify;\">La crisis econ\u00f3mica parece que quiere dejarnos definitivamente y el sector de la automoci\u00f3n es uno en los que esta tendencia se hace m\u00e1s patente. La casa espa\u00f1ola <b>Seat <\/b>no est\u00e1 al margen de los datos positivos del mercado y acaba de anunciar sus excelentes resultados de ventas globales durante el primer semestre de 2014.<\/p>\n<p style=\"text-align: justify;\">Seat super\u00f3, entre enero y junio de este a\u00f1o, las 200.000 unidades entregadas, lo que supone un crecimiento <b>de casi el 10 por ciento<\/b> respecto al a\u00f1o anterior y volver a cifras de 2008, a\u00f1o en el que comenz\u00f3 la fase m\u00e1s dura de la actual crisis econ\u00f3mica y financiera.<\/p>\n<p style=\"text-align: justify;\">En n\u00fameros exactos, la compa\u00f1\u00eda automovil\u00edstica vendi\u00f3 <b>200.200 veh\u00edculos<\/b> en el primer semestre del a\u00f1o, frente a los 182.200 del a\u00f1o pasado en id\u00e9ntico per\u00edodo. Seg\u00fan <b>J\u00fcrgen Stackmann<\/b>, presidente de Seat, la marca de nuestro pa\u00eds est\u00e1 creciendo m\u00e1s que la media y modelos como el Le\u00f3n van a ayudar a mantener este extraordinario ritmo al alza.<\/p>\n<p style=\"text-align: justify;\"><img loading=\"lazy\" decoding=\"async\" class=\"alignright size-full wp-image-2981\" alt=\"Vh\u00edculos de ocasi\u00f3n\" src=\"https:\/\/www.sibuscascoche.com\/noticias\/wp-content\/uploads\/2014\/07\/interior-ventas-seat.jpg\" width=\"300\" height=\"200\" \/>Y es que el <span style=\"color: #0071b9;\"><a href=\"https:\/\/www.sibuscascoche.com\/coches-ocasion\/seat\/leon\"><span style=\"color: #0071b9;\"><b>Seat Le\u00f3n<\/b><\/span><\/a><\/span> es muy \u201cculpable\u201d de los buenos resultados de ventas de la compa\u00f1\u00eda durante la primera mitad de 2014. No en vano, se han vendido 78.600 coches, 30.200 m\u00e1s que en el primer semestre de 2013. La variante ST (familiar) del modelo ha logrado entregar 21.200 unidades, todo un r\u00e9cord que ha sorprendido a propios y extra\u00f1os.<\/p>\n<p style=\"text-align: justify;\">Es indudable que el resurgir del sector del autom\u00f3vil es ya una cuesti\u00f3n palpable, casi todos los fabricantes europeos se recuperan satisfactoriamente de la grave crisis de hace unos a\u00f1os. Pero a este hecho generalizado habr\u00eda que a\u00f1adir otros factores concretos, que han contribuido decisivamente al \u00e9xito de ventas de los productos de Seat. El Le\u00f3n ha triunfado y ha respondido a las expectativas puestas en \u00e9l. Adem\u00e1s, la versi\u00f3n ST ha encontrado hueco en un segmento que triunfa en todo el continente.<\/p>\n<p style=\"text-align: justify;\">El Seat Le\u00f3n en general y el ST en particular han sido claves en las ventas de Seat durante los \u00faltimos meses. Sin embargo, otros modelos de la casa tambi\u00e9n se han portado bien:<\/p>\n<p style=\"text-align: justify;\"><b>Seat Alhambra<\/b>. 11.400 unidades vendidas, lo que supone un incremento del 19,4 por ciento, respecto al mismo per\u00edodo del a\u00f1o anterior.<\/p>\n<p style=\"text-align: justify;\"><b>Seat Ibiza<\/b>. Es el modelo de la marca que m\u00e1s vende en Espa\u00f1a. Durante los primeros seis meses de 2014 se entregaron 16.537 unidades.<\/p>\n<p style=\"text-align: justify;\">La factor\u00eda de Seat en Catalu\u00f1a tambi\u00e9n se ha contagiado de los buenos resultados y ha incrementado su producci\u00f3n un 11,1 por ciento.\u00a0Esperemos que las ventas de Seat sigan increment\u00e1ndose en a\u00f1os sucesivos, porque la marca siempre ha sido un referente de la econom\u00eda nacional y abanderada del desarrollo y la tecnolog\u00eda de nuestro pa\u00eds. Por lo pronto, 2014 pinta muy bien para la compa\u00f1\u00eda de Martorell.<\/p>\n","protected":false},"excerpt":{"rendered":"<p>La crisis econ\u00f3mica parece que quiere dejarnos definitivamente y el sector de la automoci\u00f3n es uno en los que esta tendencia se hace m\u00e1s patente. La casa espa\u00f1ola Seat no<\/p>\n","protected":false},"author":6,"featured_media":2980,"comment_status":"closed","ping_status":"open","sticky":false,"template":"","format":"standard","meta":{"footnotes":""},"categories":[1],"tags":[278,277,276,117,275],"class_list":["post-2978","post","type-post","status-publish","format-standard","has-post-thumbnail","hentry","category-actualidad","tag-alhambra","tag-ibiza","tag-leon","tag-seat","tag-ventas"],"_links":{"self":[{"href":"https:\/\/www.sibuscascoche.com\/noticias\/wp-json\/wp\/v2\/posts\/2978","targetHints":{"allow":["GET"]}}],"collection":[{"href":"https:\/\/www.sibuscascoche.com\/noticias\/wp-json\/wp\/v2\/posts"}],"about":[{"href":"https:\/\/www.sibuscascoche.com\/noticias\/wp-json\/wp\/v2\/types\/post"}],"author":[{"embeddable":true,"href":"https:\/\/www.sibuscascoche.com\/noticias\/wp-json\/wp\/v2\/users\/6"}],"replies":[{"embeddable":true,"href":"https:\/\/www.sibuscascoche.com\/noticias\/wp-json\/wp\/v2\/comments?post=2978"}],"version-history":[{"count":5,"href":"https:\/\/www.sibuscascoche.com\/noticias\/wp-json\/wp\/v2\/posts\/2978\/revisions"}],"predecessor-version":[{"id":5649,"href":"https:\/\/www.sibuscascoche.com\/noticias\/wp-json\/wp\/v2\/posts\/2978\/revisions\/5649"}],"wp:featuredmedia":[{"embeddable":true,"href":"https:\/\/www.sibuscascoche.com\/noticias\/wp-json\/wp\/v2\/media\/2980"}],"wp:attachment":[{"href":"https:\/\/www.sibuscascoche.com\/noticias\/wp-json\/wp\/v2\/media?parent=2978"}],"wp:term":[{"taxonomy":"category","embeddable":true,"href":"https:\/\/www.sibuscascoche.com\/noticias\/wp-json\/wp\/v2\/categories?post=2978"},{"taxonomy":"post_tag","embeddable":true,"href":"https:\/\/www.sibuscascoche.com\/noticias\/wp-json\/wp\/v2\/tags?post=2978"}],"curies":[{"name":"wp","href":"https:\/\/api.w.org\/{rel}","templated":true}]}}