{"id":2870,"date":"2014-07-16T15:50:07","date_gmt":"2014-07-16T13:50:07","guid":{"rendered":"https:\/\/www.sibuscascoche.com\/noticias\/?p=2870"},"modified":"2015-10-09T13:56:35","modified_gmt":"2015-10-09T11:56:35","slug":"el-nuevo-opel-corsa","status":"publish","type":"post","link":"https:\/\/www.sibuscascoche.com\/noticias\/2014\/el-nuevo-opel-corsa\/","title":{"rendered":"El nuevo Opel Corsa, m\u00e1s tecnol\u00f3gico y refinado, llega para quedarse"},"content":{"rendered":"<p style=\"text-align: justify;\"><strong>La quinta generaci\u00f3n del nuevo <span style=\"color: #0071b9;\"><a href=\"https:\/\/www.sibuscascoche.com\/coches-ocasion\/opel\/corsa\"><span style=\"color: #0071b9;\">Opel Corsa <\/span><\/a><\/span><\/strong>est\u00e1 llamada a convertirse este a\u00f1o en el nuevo elemento de atracci\u00f3n. Con un <b>esp\u00edritu m\u00e1s jovial en su est\u00e9tica, un dise\u00f1o interior de mayor calidad y una indiscutible dotaci\u00f3n tecnol\u00f3gica<\/b> para un utilitario, cautivar\u00e1. Tanto es as\u00ed que ha sido el segundo modelo m\u00e1s vendido de su categor\u00eda en Espa\u00f1a, tan s\u00f3lo superado por el Seat Ibiza. El <strong>producto estrella de Opel se renueva por completo y revalidar\u00e1, seguro, su \u00e9xito.<\/strong><\/p>\n<p style=\"text-align: justify;\">El nuevo Corsa continuar\u00e1 con su legado por lo que sus dimensiones y sus proporciones apenas var\u00edan, manteni\u00e9ndose en los cuatro metros de longitud<strong> pero esta vez<\/strong> contar\u00e1 con dos posibles carrocer\u00edas alternativas, de tres y cinco puertas.<\/p>\n<p style=\"text-align: justify;\">Las novedades m\u00e1s importantes se apreciar\u00e1n en el refinamiento del nuevo chasis. Desde Opel se se\u00f1ala que el objetivo se centr\u00f3 en <b>buscar una calidad de rodadura y una conducci\u00f3n<\/b> que se asemejase m\u00e1s al Opel Astra, su hermano mayor.<\/p>\n<p style=\"text-align: justify;\"><b>Motor 1.0 ECOTEC Turbo<\/b><\/p>\n<p><strong style=\"text-align: justify;\"><img loading=\"lazy\" decoding=\"async\" class=\"alignright size-full wp-image-2902\" alt=\"veh\u00edculos de ocasi\u00f3n\" src=\"https:\/\/www.sibuscascoche.com\/noticias\/wp-content\/uploads\/2014\/07\/interior-opel-corsa.jpg\" width=\"300\" height=\"200\" \/><\/strong><\/p>\n<p style=\"text-align: justify;\">Entre las novedades destaca tambi\u00e9n la introducci\u00f3n de <b>motores m\u00e1s eficientes como <\/b><b>el 1.0 ECOTEC.<\/b> Un nuevo <b>tricil\u00edndrico de inyecci\u00f3n directa que se comercializa en 90 y 115 CV de potencia y con Start\/Stop autom\u00e1tico<\/b> cumpliendo as\u00ed con ello la normativa de emisiones Euro VI, un cambio de marchas de seis velocidades y, opcionalmente, el nuevo cambio pilotado Easytronic 3.0. Por otro lado, se mantendr\u00e1n adem\u00e1s, mejorados, los atmosf\u00e9ricos de 1.2 y 1.4 litros que hasta ahora llegaban a los consumidores con 85 CV y 100 CV de potencia.<\/p>\n<p style=\"text-align: justify;\">Si hablamos de las prestaciones del modelo <b>di\u00e9sel<\/b>, el nuevo Opel Corsa ofrece los <b>motores 1.3 CDTI de 75 y 95 CV<\/b> con modificaciones con el fin de cumplir con la normativa Euro VI y garantizar que la versi\u00f3n que ofrece Start\/Stop, cambio manual de cinco velocidades y 95 CV homologue 89 g\/km de CO<sub>2<\/sub>. T\u00e9cnicos de la casa alemana se\u00f1alan que esas emisiones podr\u00e1n reducirse m\u00e1s con las versiones ecol\u00f3gicas que est\u00e1n previstas que lleguen al mercado en la primavera de 2015.<\/p>\n<p style=\"text-align: justify;\"><b>Est\u00e9tica jovial por dentro y por fuera<\/b><\/p>\n<p style=\"text-align: justify;\">La silueta del nuevo Opel Corsa apenas se ha modificado buscando tan s\u00f3lo modernizarse con peque\u00f1os detalles para ofrecer una versi\u00f3n est\u00e9tica jovial como los de su hermano peque\u00f1o, el Opel Adam. Muestra de ello es <strong>una generosa parrilla en el frontal con un perfil cromado donde se puede apreciar una cara sonriente. <\/strong>En el nuevo Opel Corsa tambi\u00e9n se aprecian unos faros con forma de bumer\u00e1n con iluminaci\u00f3n diurna LED y un redise\u00f1o de las defensas.<\/p>\n<p style=\"text-align: justify;\"><strong>En su interior, y nada m\u00e1s abrir la puerta, se visualizan grandes cambios<\/strong> tanto en dise\u00f1o como en la disposici\u00f3n de elementos como la palanca de cambios o, entre otros, los aireadores del climatizador. Desde la marca germana garantizan la mejora en aspectos como la calidad de materiales y de rodadura o, por ejemplo, en aspectos como el aislamiento del habit\u00e1culo para filtrar el ruido.<\/p>\n<p style=\"text-align: justify;\"><b>Dotaci\u00f3n tecnol\u00f3gica de \u00faltima generaci\u00f3n<\/b><\/p>\n<p style=\"text-align: justify;\">Si hablamos de modernizaci\u00f3n debemos se\u00f1alar que el nuevo Opel Corsa estrena la <strong>\u00faltima generaci\u00f3n de IntelliLink<\/strong>, con pantalla t\u00e1ctil a color de siete pulgadas, compatible con Android y Apple, con conexi\u00f3n Bluetooth y aplicaciones como BrinGo, Stitcher y Tune In.<\/p>\n<p style=\"text-align: justify;\">En cuanto a dotaci\u00f3n tecnol\u00f3gica el nuevo Corsa hereda de sus hermanos mayores aplicaciones que hacen m\u00e1s segura la conducci\u00f3n como son la alerta de \u00e1ngulo muerto, el sistema de c\u00e1mara frontal <a href=\"http:\/\/www.opel.es\/experience-opel\/innovacion\/pasion.html?&amp;ppc=es_61402492206\" target=\"_blank\" rel=\"noopener\"><span style=\"color: #0071b9;\">Opel Eye<\/span><\/a> con reconocimiento de se\u00f1ales, el aviso de cambio involuntario de carril, el indicador de distancia de seguridad, la alerta de colisi\u00f3n y sensores de presi\u00f3n de neum\u00e1ticos o los faros bixenon con iluminaci\u00f3n en curva y asistente de luz de largo alcance.<\/p>\n<p style=\"text-align: justify;\">Opcionalmente la casa alemana ofrece a los conductores m\u00e1s exigentes la opci\u00f3n de hacerse con un Corsa con <strong>sistema de ayuda al aparcamiento<\/strong>, asistente de giro autom\u00e1tico del volante, c\u00e1mara de visi\u00f3n trasera y sistema de arranque en rampas.<\/p>\n","protected":false},"excerpt":{"rendered":"<p>La quinta generaci\u00f3n del nuevo Opel Corsa est\u00e1 llamada a convertirse este a\u00f1o en el nuevo elemento de atracci\u00f3n. Con un esp\u00edritu m\u00e1s jovial en su est\u00e9tica, un dise\u00f1o interior<\/p>\n","protected":false},"author":6,"featured_media":2901,"comment_status":"closed","ping_status":"open","sticky":false,"template":"","format":"standard","meta":{"footnotes":""},"categories":[1],"tags":[245,244],"class_list":["post-2870","post","type-post","status-publish","format-standard","has-post-thumbnail","hentry","category-actualidad","tag-nuevo-opel-corsa","tag-opel-corsa"],"_links":{"self":[{"href":"https:\/\/www.sibuscascoche.com\/noticias\/wp-json\/wp\/v2\/posts\/2870","targetHints":{"allow":["GET"]}}],"collection":[{"href":"https:\/\/www.sibuscascoche.com\/noticias\/wp-json\/wp\/v2\/posts"}],"about":[{"href":"https:\/\/www.sibuscascoche.com\/noticias\/wp-json\/wp\/v2\/types\/post"}],"author":[{"embeddable":true,"href":"https:\/\/www.sibuscascoche.com\/noticias\/wp-json\/wp\/v2\/users\/6"}],"replies":[{"embeddable":true,"href":"https:\/\/www.sibuscascoche.com\/noticias\/wp-json\/wp\/v2\/comments?post=2870"}],"version-history":[{"count":7,"href":"https:\/\/www.sibuscascoche.com\/noticias\/wp-json\/wp\/v2\/posts\/2870\/revisions"}],"predecessor-version":[{"id":6664,"href":"https:\/\/www.sibuscascoche.com\/noticias\/wp-json\/wp\/v2\/posts\/2870\/revisions\/6664"}],"wp:featuredmedia":[{"embeddable":true,"href":"https:\/\/www.sibuscascoche.com\/noticias\/wp-json\/wp\/v2\/media\/2901"}],"wp:attachment":[{"href":"https:\/\/www.sibuscascoche.com\/noticias\/wp-json\/wp\/v2\/media?parent=2870"}],"wp:term":[{"taxonomy":"category","embeddable":true,"href":"https:\/\/www.sibuscascoche.com\/noticias\/wp-json\/wp\/v2\/categories?post=2870"},{"taxonomy":"post_tag","embeddable":true,"href":"https:\/\/www.sibuscascoche.com\/noticias\/wp-json\/wp\/v2\/tags?post=2870"}],"curies":[{"name":"wp","href":"https:\/\/api.w.org\/{rel}","templated":true}]}}