{"id":2737,"date":"2014-06-24T10:06:51","date_gmt":"2014-06-24T08:06:51","guid":{"rendered":"https:\/\/www.sibuscascoche.com\/noticias\/?p=2737"},"modified":"2014-07-04T09:37:47","modified_gmt":"2014-07-04T07:37:47","slug":"el-nuevo-bmw-x4","status":"publish","type":"post","link":"https:\/\/www.sibuscascoche.com\/noticias\/2014\/el-nuevo-bmw-x4\/","title":{"rendered":"El nuevo BMW X4"},"content":{"rendered":"<p>En el a\u00f1o 1990 <b>BMW <\/b>nos sorprend\u00eda con el lanzamiento del X5. Un modelo que aunaba excelentes actitudes de conducci\u00f3n con una est\u00e9tica de lujo y prestaciones deportivas, iniciando as\u00ed un nuevo camino que traer\u00eda modelos como el X3, el X6, el X1 y ahora el X4. Una gama que ha cosechado grandes \u00e9xitos y que BMW espera repetir con su nuevo modelo.<\/p>\n<p style=\"text-align: justify;\"><b>Est\u00e9tica y dimensiones del veh\u00edculo<\/b><\/p>\n<p style=\"text-align: justify;\">El <b>BMW X4<\/b> presenta una carrocer\u00eda muy parecida a la del X6, pero con dimensiones m\u00e1s reducidas. Con lo cual tiene el aspecto de un todoterreno, pero en el que la parte final del techo cae de la misma forma que algunos coup\u00e9s.<\/p>\n<p style=\"text-align: justify;\">En cuanto a sus medidas, cuenta con 4,67 metros de longitud, 30 cent\u00edmetros menos que el X6 y casi igual que un X3, siendo m\u00e1s bajo que cualquiera de los dos modelos.<\/p>\n<p style=\"text-align: justify;\"><b>Motor y potencia<\/b><\/p>\n<p style=\"text-align: justify;\"><img loading=\"lazy\" decoding=\"async\" class=\"alignright size-full wp-image-2785\" alt=\"interior-nuevo-bmw-x4-\" src=\"https:\/\/www.sibuscascoche.com\/noticias\/wp-content\/uploads\/2014\/06\/interior-nuevo-bmw-x4-.jpg\" width=\"300\" height=\"200\" \/>El nuevo<b> BMW X4<\/b> puede adquirirse\u00a0 en una gama de motores m\u00e1s amplia con tres motores de gasolina de 184, 245 y 306 CV y tres de di\u00e9sel de 190, 258 y 313 CV. Todos los motores van acoplados a una caja de cambios autom\u00e1tica de ocho relaciones con levas en el volante, a excepci\u00f3n del xDrive20d que cuenta con cambio manual de seis velocidades, siendo opcional la marcha autom\u00e1tica. Tambi\u00e9n vienen de serie la tracci\u00f3n total permanente, el diferencial trasero activo y la direcci\u00f3n con cremallera de paso variable.<\/p>\n<p style=\"text-align: justify;\"><b>Interior del veh\u00edculo<\/b><\/p>\n<p style=\"text-align: justify;\">El nuevo modelo de <b>BMW<\/b> viene equipado con cinco plazas, pensado sobre todo para que viajen dos personas c\u00f3modamente en la parte trasera. Debido a la ca\u00edda del techo, la altura en la parte de atr\u00e1s es menor que en otros veh\u00edculos, pero m\u00e1s que suficiente para que viajen personas de 1,80 metros de altura sin dificultad.<\/p>\n<p style=\"text-align: justify;\">La <b>capacidad del maletero<\/b> es de 500 litros, siendo posible adem\u00e1s abatir los asientos traseros para cargar objetos de mayor tama\u00f1o.<\/p>\n<p style=\"text-align: justify;\">Cabe destacar que el veh\u00edculo ha sido dotado de una <b>pantalla a color<\/b> ubicada en el salpicadero donde se encuentran tambi\u00e9n los mandos del equipo de sonido y el climatizador. Entre los asientos delanteros encontrarnos el mando circular que permite desplazarse por los men\u00fas de la pantalla. La parte interior del mando es una superficie t\u00e1ctil donde pueden escribirse letras y n\u00fameros para poder por ejemplo introducir una direcci\u00f3n concreta en el navegador.<\/p>\n<p style=\"text-align: justify;\">El veh\u00edculo cuenta adem\u00e1s con un asistente de rutas que forma parte del <b>sistema de navegaci\u00f3n profesional <\/b>y que sugiere la ruta m\u00e1s \u00f3ptima seg\u00fan el tipo de conducci\u00f3n del usuario, del estado del tr\u00e1fico y de las condiciones del trayecto, indicando c\u00f3mo va variando el consumo en porcentaje.<\/p>\n<p style=\"text-align: justify;\">Entre las <b>opciones de equipamiento posibles<\/b> debemos resaltar los faros con tecnolog\u00eda LED, el sistema de proyecci\u00f3n de informaci\u00f3n, el sistema de c\u00e1maras, la detecci\u00f3n de peatones diurna, el asistente de aparcamiento, el programador de velocidad activo con funci\u00f3n de parado y reanudaci\u00f3n o la conexi\u00f3n a Internet que permite el uso de aplicaciones por ejemplo musicales.<\/p>\n","protected":false},"excerpt":{"rendered":"<p>En el a\u00f1o 1990 BMW nos sorprend\u00eda con el lanzamiento del X5. Un modelo que aunaba excelentes actitudes de conducci\u00f3n con una est\u00e9tica de lujo y prestaciones deportivas, iniciando as\u00ed<\/p>\n","protected":false},"author":6,"featured_media":2739,"comment_status":"closed","ping_status":"open","sticky":false,"template":"","format":"standard","meta":{"footnotes":""},"categories":[1],"tags":[228],"class_list":["post-2737","post","type-post","status-publish","format-standard","has-post-thumbnail","hentry","category-actualidad","tag-bmw-x4"],"_links":{"self":[{"href":"https:\/\/www.sibuscascoche.com\/noticias\/wp-json\/wp\/v2\/posts\/2737","targetHints":{"allow":["GET"]}}],"collection":[{"href":"https:\/\/www.sibuscascoche.com\/noticias\/wp-json\/wp\/v2\/posts"}],"about":[{"href":"https:\/\/www.sibuscascoche.com\/noticias\/wp-json\/wp\/v2\/types\/post"}],"author":[{"embeddable":true,"href":"https:\/\/www.sibuscascoche.com\/noticias\/wp-json\/wp\/v2\/users\/6"}],"replies":[{"embeddable":true,"href":"https:\/\/www.sibuscascoche.com\/noticias\/wp-json\/wp\/v2\/comments?post=2737"}],"version-history":[{"count":8,"href":"https:\/\/www.sibuscascoche.com\/noticias\/wp-json\/wp\/v2\/posts\/2737\/revisions"}],"predecessor-version":[{"id":2786,"href":"https:\/\/www.sibuscascoche.com\/noticias\/wp-json\/wp\/v2\/posts\/2737\/revisions\/2786"}],"wp:featuredmedia":[{"embeddable":true,"href":"https:\/\/www.sibuscascoche.com\/noticias\/wp-json\/wp\/v2\/media\/2739"}],"wp:attachment":[{"href":"https:\/\/www.sibuscascoche.com\/noticias\/wp-json\/wp\/v2\/media?parent=2737"}],"wp:term":[{"taxonomy":"category","embeddable":true,"href":"https:\/\/www.sibuscascoche.com\/noticias\/wp-json\/wp\/v2\/categories?post=2737"},{"taxonomy":"post_tag","embeddable":true,"href":"https:\/\/www.sibuscascoche.com\/noticias\/wp-json\/wp\/v2\/tags?post=2737"}],"curies":[{"name":"wp","href":"https:\/\/api.w.org\/{rel}","templated":true}]}}