{"id":2725,"date":"2014-06-22T08:39:25","date_gmt":"2014-06-22T06:39:25","guid":{"rendered":"https:\/\/www.sibuscascoche.com\/noticias\/?p=2725"},"modified":"2015-06-24T09:00:17","modified_gmt":"2015-06-24T07:00:17","slug":"el-futuro-de-opel","status":"publish","type":"post","link":"https:\/\/www.sibuscascoche.com\/noticias\/2014\/el-futuro-de-opel\/","title":{"rendered":"El futuro de Opel, es DRIVE!2022: 27 modelos en 4 a\u00f1os"},"content":{"rendered":"<p style=\"text-align: justify;\">Aunque ya hab\u00eda sido anunciado en el a\u00f1o 2012, la conocida firma de <span style=\"color: #0071b9;\"><a href=\"https:\/\/www.sibuscascoche.com\/coches-ocasion\/opel\"><span style=\"color: #0071b9;\">autom\u00f3viles <b>Opel<\/b><\/span><\/a><\/span> ha presentado una actualizaci\u00f3n de su plan en este a\u00f1o 2014 sobre las directrices que marcar\u00e1n sus estrategia de futuro\u00a0<b>DRIVE!2022<\/b> en la que se ha propuesto cinco objetivos prioritarios con el fin de relanzar la marca y abandonar la d\u00e9cada de n\u00fameros rojos en Europa.<\/p>\n<p style=\"text-align: justify;\">Gracias a este plan, <b>Opel<\/b> pretende hacerse con el 8% de la cuota de mercado en el continente europeo y conseguir un crecimiento rentable. De hecho, si todo sale seg\u00fan lo previsto, la marca alcanzar\u00e1 un margen de beneficio del 5%. De forma paralela, la compa\u00f1\u00eda planea mejorar la calidad de sus productos y la satisfacci\u00f3n tanto de sus clientes como de sus empleados. Entre los puntos que ha\u00a0establecido la marca dentro de su planificaci\u00f3n, debemos destacar tres en concreto: los modelos, la marca y la mejora en el acceso al mercado.<\/p>\n<p style=\"text-align: justify;\">El plan de <b>modelos y motores<\/b> se est\u00e1 llevando a cabo a buen ritmo pues la firma pretende lanzar al mercado 27 nuevos modelos y 17 motorizaciones entre 2014 y 2018. En cuanto al <b>fortalecimiento de la imagen<\/b>, el plan se est\u00e1 poniendo en marcha mediante innovaciones tecnol\u00f3gicas, habilidades de ingenier\u00eda alemana y una buena relaci\u00f3n calidad precio. La tercera prioridad, la cuota <b>de mercado y objetivos de crecimiento<\/b> consisten en alcanzar el 10% de la cuota de mercado en Alemania. Adem\u00e1s, en Europa el objetivo es incrementar la penetraci\u00f3n actual hasta el 8% y convertirse en la segunda marca del mercado europeo para el a\u00f1o 2022.<\/p>\n<p><img loading=\"lazy\" decoding=\"async\" class=\"size-full wp-image-2728 alignright\" title=\"El futuro de Opel | Sibuscascoche.com\" alt=\"coches de ocasi\u00f3n\" src=\"https:\/\/www.sibuscascoche.com\/noticias\/wp-content\/uploads\/2014\/06\/interior-futuro-opel.jpg\" width=\"300\" height=\"200\" \/><\/p>\n<p style=\"text-align: justify;\">Cabe destacar que, en un intento por <b>reforzar el negocio de veh\u00edculos comerciales<\/b>, Opel ha incrementado su plantilla un 25% con el objetivo de\u00a0<b>aumentar las ventas de autom\u00f3viles<\/b> de este tipo en un 80% para el a\u00f1o 2022, pasando de 83.000 veh\u00edculos comerciales ligeros vendidos hasta 150.000 unidades. Como parte del plan, tambi\u00e9n se baraja la posibilidad de penetrar en el mercado de otros pa\u00edses europeos.<\/p>\n<p style=\"text-align: justify;\">Durante el a\u00f1o 2013, la empresa ha realizado grandes avances de cara al cumplimiento de todos estos objetivos, minimizando sus p\u00e9rdidas en Europa a menos de la mitad. Adem\u00e1s, <span style=\"color: #0071b9;\"><span style=\"color: #0071b9;\"><b><a href=\"http:\/\/www.opel.es\/\" target=\"_blank\" rel=\"noopener\">Opel<\/a> <\/b><\/span><\/span>espera que 2014 sea un a\u00f1o exigente en el que se sigan mejorando las actividades habituales del negocio. La idea es volver a conseguir beneficios a mitad de la d\u00e9cada gracias a todas estas medidas de la estrategia DRIVE!2022, entre las cuales debemos destacar la reducci\u00f3n de costes del producto y los estructurales, mejorar la optimizaci\u00f3n del uso de las plantas, incrementar los beneficios de ventas y mejorar la imagen de la marca.<\/p>\n","protected":false},"excerpt":{"rendered":"<p>Aunque ya hab\u00eda sido anunciado en el a\u00f1o 2012, la conocida firma de autom\u00f3viles Opel ha presentado una actualizaci\u00f3n de su plan en este a\u00f1o 2014 sobre las directrices que<\/p>\n","protected":false},"author":6,"featured_media":2727,"comment_status":"closed","ping_status":"open","sticky":false,"template":"","format":"standard","meta":{"footnotes":""},"categories":[1],"tags":[41,210],"class_list":["post-2725","post","type-post","status-publish","format-standard","has-post-thumbnail","hentry","category-actualidad","tag-opel","tag-vehiculos-comerciales"],"_links":{"self":[{"href":"https:\/\/www.sibuscascoche.com\/noticias\/wp-json\/wp\/v2\/posts\/2725","targetHints":{"allow":["GET"]}}],"collection":[{"href":"https:\/\/www.sibuscascoche.com\/noticias\/wp-json\/wp\/v2\/posts"}],"about":[{"href":"https:\/\/www.sibuscascoche.com\/noticias\/wp-json\/wp\/v2\/types\/post"}],"author":[{"embeddable":true,"href":"https:\/\/www.sibuscascoche.com\/noticias\/wp-json\/wp\/v2\/users\/6"}],"replies":[{"embeddable":true,"href":"https:\/\/www.sibuscascoche.com\/noticias\/wp-json\/wp\/v2\/comments?post=2725"}],"version-history":[{"count":12,"href":"https:\/\/www.sibuscascoche.com\/noticias\/wp-json\/wp\/v2\/posts\/2725\/revisions"}],"predecessor-version":[{"id":5735,"href":"https:\/\/www.sibuscascoche.com\/noticias\/wp-json\/wp\/v2\/posts\/2725\/revisions\/5735"}],"wp:featuredmedia":[{"embeddable":true,"href":"https:\/\/www.sibuscascoche.com\/noticias\/wp-json\/wp\/v2\/media\/2727"}],"wp:attachment":[{"href":"https:\/\/www.sibuscascoche.com\/noticias\/wp-json\/wp\/v2\/media?parent=2725"}],"wp:term":[{"taxonomy":"category","embeddable":true,"href":"https:\/\/www.sibuscascoche.com\/noticias\/wp-json\/wp\/v2\/categories?post=2725"},{"taxonomy":"post_tag","embeddable":true,"href":"https:\/\/www.sibuscascoche.com\/noticias\/wp-json\/wp\/v2\/tags?post=2725"}],"curies":[{"name":"wp","href":"https:\/\/api.w.org\/{rel}","templated":true}]}}