{"id":2668,"date":"2014-06-18T10:19:44","date_gmt":"2014-06-18T08:19:44","guid":{"rendered":"https:\/\/www.sibuscascoche.com\/noticias\/?p=2668"},"modified":"2014-06-18T10:52:56","modified_gmt":"2014-06-18T08:52:56","slug":"opel-astra-mas-tamano-menos-peso","status":"publish","type":"post","link":"https:\/\/www.sibuscascoche.com\/noticias\/2014\/opel-astra-mas-tamano-menos-peso\/","title":{"rendered":"Nuevo Opel Astra: m\u00e1s tama\u00f1o y menos peso"},"content":{"rendered":"<p style=\"text-align: justify;\">Una rutinaria jornada de pruebas realizada en Alemania nos ha bastado para conocer algunos de los detalles de uno de los secretos mejor guardados: c\u00f3mo ser\u00e1 el nuevo Opel Astra. Este compacto lleva a\u00f1os como l\u00edder de su sector y, con la llegada de 2015, el fabricante alem\u00e1n desea dar una vuelta de tuerca y mejorar, si cabe, el modelo anterior. Los datos oficiales de esta versi\u00f3n los conoceremos a finales de a\u00f1o para que, seg\u00fan lo previsto por la casa, el veh\u00edculo pudiese estar en el mercado a lo largo de 2015. Pero ya podemos ir avanzando algunas de las caracter\u00edsticas de este modelo.<\/p>\n<p style=\"text-align: justify;\"><img loading=\"lazy\" decoding=\"async\" class=\"alignright size-full wp-image-2673\" alt=\"opel astra, coche ocasi\u00f3n\" src=\"https:\/\/www.sibuscascoche.com\/noticias\/wp-content\/uploads\/2014\/06\/Opel-Astra-nuevo.jpg\" width=\"300\" height=\"158\" \/>No se trata de cambios bruscos que distorsionen la esencia propia del Astra, sino que nos encontramos con unas discretas modificaciones entre las que destaca, en primer lugar, su aspecto exterior. El nuevo Opel Astra, que estar\u00e1 disponible en tres y cinco puertas y tambi\u00e9n en versiones cabrio, coup\u00e9 y familiar, ser\u00e1 ligeramente superior en tama\u00f1o al modelo actual, tal y como se deduce del aumento de la distancia entre los ejes. Seg\u00fan las versiones, el peso del coche podr\u00eda perder entre 50 y 100 kilos en una comparativa con su generaci\u00f3n anterior, resultando un peso total inferior a la tonelada y media. Estamos, por tanto, ante un modelo m\u00e1s grande pero m\u00e1s ligero que se convertir\u00e1, probablemente, en uno de los compactos m\u00e1s grandes del mercado.<\/p>\n<p style=\"text-align: justify;\">M\u00e1s a\u00fan, se espera que esta generaci\u00f3n fabricada en la plataforma de General Motors presente un equipamiento tecnol\u00f3gico m\u00e1s completo y un conjunto de motores 1.0 m\u00e1s eficientes, de tres y cuatro cilindros turboalimentados, y se podr\u00eda desarrollar unos 117 CV. Tambi\u00e9n el apartado de mec\u00e1nica, esta generaci\u00f3n dispondr\u00e1 de una nueva caja de cambios de seis velocidades, que pesar\u00e1 alrededor de 30 kilos menos que la incluida en la versi\u00f3n actual.<\/p>\n<p style=\"text-align: justify;\">La insignia, con detalles cromados, los acabados con llamativas l\u00edneas de aluminio a lo largo del techo y que rematan en los faros traseros, y el habit\u00e1culo interior de este prototipo, tambi\u00e9n experimentan algunos cambios. Un ejemplo de ello es el port\u00f3n trasero, m\u00e1s grande y con un original voladizo, que se reinventa para ofrecer m\u00e1s visibilidad al conductor.<\/p>\n<p style=\"text-align: justify;\">En l\u00edneas generales, podr\u00edamos encontrarnos ante un Opel Astra de mayor categor\u00eda, probablemente aspirando a ubicarse en un segmento superior, pero todav\u00eda es pronto para confirmaciones oficiales as\u00ed que hasta ahora tendremos que conformarnos con las conjeturas.<\/p>\n","protected":false},"excerpt":{"rendered":"<p>Una rutinaria jornada de pruebas realizada en Alemania nos ha bastado para conocer algunos de los detalles de uno de los secretos mejor guardados: c\u00f3mo ser\u00e1 el nuevo Opel Astra.<\/p>\n","protected":false},"author":1,"featured_media":2671,"comment_status":"closed","ping_status":"open","sticky":false,"template":"","format":"standard","meta":{"footnotes":""},"categories":[8],"tags":[47,41],"class_list":["post-2668","post","type-post","status-publish","format-standard","has-post-thumbnail","hentry","category-lanzamientos","tag-compactos","tag-opel"],"_links":{"self":[{"href":"https:\/\/www.sibuscascoche.com\/noticias\/wp-json\/wp\/v2\/posts\/2668","targetHints":{"allow":["GET"]}}],"collection":[{"href":"https:\/\/www.sibuscascoche.com\/noticias\/wp-json\/wp\/v2\/posts"}],"about":[{"href":"https:\/\/www.sibuscascoche.com\/noticias\/wp-json\/wp\/v2\/types\/post"}],"author":[{"embeddable":true,"href":"https:\/\/www.sibuscascoche.com\/noticias\/wp-json\/wp\/v2\/users\/1"}],"replies":[{"embeddable":true,"href":"https:\/\/www.sibuscascoche.com\/noticias\/wp-json\/wp\/v2\/comments?post=2668"}],"version-history":[{"count":7,"href":"https:\/\/www.sibuscascoche.com\/noticias\/wp-json\/wp\/v2\/posts\/2668\/revisions"}],"predecessor-version":[{"id":2677,"href":"https:\/\/www.sibuscascoche.com\/noticias\/wp-json\/wp\/v2\/posts\/2668\/revisions\/2677"}],"wp:featuredmedia":[{"embeddable":true,"href":"https:\/\/www.sibuscascoche.com\/noticias\/wp-json\/wp\/v2\/media\/2671"}],"wp:attachment":[{"href":"https:\/\/www.sibuscascoche.com\/noticias\/wp-json\/wp\/v2\/media?parent=2668"}],"wp:term":[{"taxonomy":"category","embeddable":true,"href":"https:\/\/www.sibuscascoche.com\/noticias\/wp-json\/wp\/v2\/categories?post=2668"},{"taxonomy":"post_tag","embeddable":true,"href":"https:\/\/www.sibuscascoche.com\/noticias\/wp-json\/wp\/v2\/tags?post=2668"}],"curies":[{"name":"wp","href":"https:\/\/api.w.org\/{rel}","templated":true}]}}