{"id":2606,"date":"2014-06-10T16:38:09","date_gmt":"2014-06-10T14:38:09","guid":{"rendered":"https:\/\/www.sibuscascoche.com\/noticias\/?p=2606"},"modified":"2014-06-11T10:39:36","modified_gmt":"2014-06-11T08:39:36","slug":"compartir-coche-traves-de-blablacar-conllevara-multa","status":"publish","type":"post","link":"https:\/\/www.sibuscascoche.com\/noticias\/2014\/compartir-coche-traves-de-blablacar-conllevara-multa\/","title":{"rendered":"Compartir coche a trav\u00e9s de Blablacar no conllevar\u00e1 multa"},"content":{"rendered":"<p><span style=\"line-height: 1.5em;\">Un <span style=\"color: #0000ff;\"><a title=\"Comunicado del ministerio sobre el uso de coche compartido\" href=\"http:\/\/www.fomento.gob.es\/MFOM\/LANG_CASTELLANO\/GABINETE_COMUNICACION\/NOTICIAS1\/2014\/JUNIO\/140609-03.htm\" target=\"_blank\" rel=\"noopener\"><span style=\"color: #0000ff;\">comunicado del ministerio<\/span><\/a><\/span>\u00a0ha revolucionado las redes y las secciones de noticias de muchos medios. Esta ma\u00f1ana pod\u00edamos leer en varios titulares que la utilizaci\u00f3n de los servicios de coche compartido, como por ejemplo Blablacar, podr\u00eda acarrear multas de hasta 600 euros.<\/span><\/p>\n<p>Noticia asombrosa, sobre todo debido al fomento por parte del gobierno del uso del transporte p\u00fablico o de los carriles VAO con el objetivo de reducir la contaminaci\u00f3n. Sin embargo, la respuesta de la plataforma <span style=\"color: #0000ff;\"><a title=\"Comunicado Blablacar\" href=\"http:\/\/www.blablacar.es\/blog\/Compartir-Gastos-es-Legal\" target=\"_blank\" rel=\"noopener\"><span style=\"color: #0000ff;\">Blablacar<\/span><\/a><\/span> no se ha hecho esperar y era ella misma la que desment\u00eda que el comunicado del ministerio fuese aplicable al servicio que ofrecen.<\/p>\n<p style=\"text-align: center;\"><img loading=\"lazy\" decoding=\"async\" class=\"size-full wp-image-2611 aligncenter\" alt=\"Coche segunda mano \" src=\"https:\/\/www.sibuscascoche.com\/noticias\/wp-content\/uploads\/2014\/06\/Blablacar.jpg\" width=\"500\" height=\"158\" srcset=\"https:\/\/www.sibuscascoche.com\/noticias\/wp-content\/uploads\/2014\/06\/Blablacar.jpg 500w, https:\/\/www.sibuscascoche.com\/noticias\/wp-content\/uploads\/2014\/06\/Blablacar-300x94.jpg 300w\" sizes=\"auto, (max-width: 500px) 100vw, 500px\" \/><\/p>\n<p>A estas alturas puede que te encuentres algo perdido, \u00bfqu\u00e9 es y qu\u00e9 no es legal? Pues bien, el comunicado del ministerio afirma que \u201ces necesaria autorizaci\u00f3n para el transporte de viajeros en turismos por cuenta ajena mediante retribuci\u00f3n econ\u00f3mica\u201d y aqu\u00ed est\u00e1 el truco, Blablacar y la mayor\u00eda de servicios compartidos del estilo no obtienen retribuci\u00f3n econ\u00f3mica, sino que comparten gastos.<\/p>\n<p>Empresas como Uber si se ver\u00e1n afectadas por esta medida, puesto que obtienen beneficios por el servicio que ofrecen. El caso de Blablacar es distinto, ya que se trata de una plataforma para particulares que buscan compartir el coste de un viaje, los precios est\u00e1n limitados y en ning\u00fan caso implican una retribuci\u00f3n, por lo tanto no existe \u00e1nimo de lucro. La plataforma no obtiene beneficios y el particular tampoco.<\/p>\n<p>As\u00ed que, que no cunda el p\u00e1nico, la rid\u00edcula escena en la que te ves explicando a un polic\u00eda qui\u00e9nes son los ocupantes de tu coche y qu\u00e9 hacen all\u00ed, por el momento, no va a producirse. Compartir coche sigue siendo tan deseable como legal.<\/p>\n<p>&nbsp;<\/p>\n","protected":false},"excerpt":{"rendered":"<p>Un comunicado del ministerio\u00a0ha revolucionado las redes y las secciones de noticias de muchos medios. Esta ma\u00f1ana pod\u00edamos leer en varios titulares que la utilizaci\u00f3n de los servicios de coche<\/p>\n","protected":false},"author":1,"featured_media":2613,"comment_status":"closed","ping_status":"open","sticky":false,"template":"","format":"standard","meta":{"footnotes":""},"categories":[1],"tags":[217,216],"class_list":["post-2606","post","type-post","status-publish","format-standard","has-post-thumbnail","hentry","category-actualidad","tag-blablacar","tag-compartir-coche"],"_links":{"self":[{"href":"https:\/\/www.sibuscascoche.com\/noticias\/wp-json\/wp\/v2\/posts\/2606","targetHints":{"allow":["GET"]}}],"collection":[{"href":"https:\/\/www.sibuscascoche.com\/noticias\/wp-json\/wp\/v2\/posts"}],"about":[{"href":"https:\/\/www.sibuscascoche.com\/noticias\/wp-json\/wp\/v2\/types\/post"}],"author":[{"embeddable":true,"href":"https:\/\/www.sibuscascoche.com\/noticias\/wp-json\/wp\/v2\/users\/1"}],"replies":[{"embeddable":true,"href":"https:\/\/www.sibuscascoche.com\/noticias\/wp-json\/wp\/v2\/comments?post=2606"}],"version-history":[{"count":13,"href":"https:\/\/www.sibuscascoche.com\/noticias\/wp-json\/wp\/v2\/posts\/2606\/revisions"}],"predecessor-version":[{"id":2622,"href":"https:\/\/www.sibuscascoche.com\/noticias\/wp-json\/wp\/v2\/posts\/2606\/revisions\/2622"}],"wp:featuredmedia":[{"embeddable":true,"href":"https:\/\/www.sibuscascoche.com\/noticias\/wp-json\/wp\/v2\/media\/2613"}],"wp:attachment":[{"href":"https:\/\/www.sibuscascoche.com\/noticias\/wp-json\/wp\/v2\/media?parent=2606"}],"wp:term":[{"taxonomy":"category","embeddable":true,"href":"https:\/\/www.sibuscascoche.com\/noticias\/wp-json\/wp\/v2\/categories?post=2606"},{"taxonomy":"post_tag","embeddable":true,"href":"https:\/\/www.sibuscascoche.com\/noticias\/wp-json\/wp\/v2\/tags?post=2606"}],"curies":[{"name":"wp","href":"https:\/\/api.w.org\/{rel}","templated":true}]}}