{"id":2504,"date":"2014-05-30T17:45:06","date_gmt":"2014-05-30T15:45:06","guid":{"rendered":"https:\/\/www.sibuscascoche.com\/noticias\/?p=2504"},"modified":"2014-06-02T09:48:34","modified_gmt":"2014-06-02T07:48:34","slug":"apersa-instalaciones-exclusivas-ocasion","status":"publish","type":"post","link":"https:\/\/www.sibuscascoche.com\/noticias\/2014\/apersa-instalaciones-exclusivas-ocasion\/","title":{"rendered":"Apersa estrena instalaciones exclusivas de ocasi\u00f3n"},"content":{"rendered":"<p style=\"text-align: justify;\">Que el mercado de veh\u00edculos de ocasi\u00f3n contin\u00faa al alza es un hecho, como tambi\u00e9n lo es que cada vez son m\u00e1s las empresas que optan por separar este negocio del de veh\u00edculos nuevos y dotarlo de un espacio propio y diferenciado.<\/p>\n<p style=\"text-align: justify;\">Este ha sido el caso de Apersa, Concesionario Oficial Audi, Volkswagen y Volkswagen Comerciales, en Ourense que ha estrenado nuevas instalaciones en la ciudad dedicadas a ofrecer veh\u00edculos de ocasi\u00f3n en exclusiva.<\/p>\n<p><img loading=\"lazy\" decoding=\"async\" class=\" wp-image-2507 alignright\" alt=\"Veh\u00edculos ocasi\u00f3n baratos Ourense\" src=\"https:\/\/www.sibuscascoche.com\/noticias\/wp-content\/uploads\/2014\/05\/interior_news-apersa.jpg\" width=\"353\" height=\"203\" srcset=\"https:\/\/www.sibuscascoche.com\/noticias\/wp-content\/uploads\/2014\/05\/interior_news-apersa.jpg 435w, https:\/\/www.sibuscascoche.com\/noticias\/wp-content\/uploads\/2014\/05\/interior_news-apersa-300x172.jpg 300w\" sizes=\"auto, (max-width: 353px) 100vw, 353px\" \/><\/p>\n<p style=\"text-align: justify;\">\u201cDas WeltAuto\u201d es la marca que aglutina los veh\u00edculos de ocasi\u00f3n de la nueva divisi\u00f3n de Apersa, que garantiza su perfecto estado someti\u00e9ndolos a una revisi\u00f3n exhaustiva certificada por Volkswagen.<\/p>\n<p style=\"text-align: justify;\">Esta marca de veh\u00edculos de ocasi\u00f3n ofrece un amplio abanico de opciones en cuanto a antig\u00fcedad y kilometraje de sus coches, distribuidos en tres segmentos:<\/p>\n<p style=\"text-align: justify;\"><strong>Selecci\u00f3n<\/strong>: Menos de dos a\u00f1os de antig\u00fcedad (Hasta 30.000 km)<br \/>\n<strong>Ocasi\u00f3n<\/strong>: Entre 2 y 5 a\u00f1os de antig\u00fcedad (&lt;100.000 km)<br \/>\n<strong>Oportunidad<\/strong>: Entre 2 y 5 a\u00f1os de antig\u00fcedad (&lt;150.000 km)<\/p>\n<p style=\"text-align: justify;\">Adem\u00e1s, todos sus coches conllevan una amplia garant\u00eda espec\u00edfica para cada segmento de producto seg\u00fan edad y kilometraje, e incluyen aspectos tan importantes como una cobertura europea y asistencia personal 24 horas.<\/p>\n","protected":false},"excerpt":{"rendered":"<p>Que el mercado de veh\u00edculos de ocasi\u00f3n contin\u00faa al alza es un hecho, como tambi\u00e9n lo es que cada vez son m\u00e1s las empresas que optan por separar este negocio<\/p>\n","protected":false},"author":1,"featured_media":2506,"comment_status":"closed","ping_status":"open","sticky":false,"template":"","format":"standard","meta":{"footnotes":""},"categories":[1],"tags":[],"class_list":["post-2504","post","type-post","status-publish","format-standard","has-post-thumbnail","hentry","category-actualidad"],"_links":{"self":[{"href":"https:\/\/www.sibuscascoche.com\/noticias\/wp-json\/wp\/v2\/posts\/2504","targetHints":{"allow":["GET"]}}],"collection":[{"href":"https:\/\/www.sibuscascoche.com\/noticias\/wp-json\/wp\/v2\/posts"}],"about":[{"href":"https:\/\/www.sibuscascoche.com\/noticias\/wp-json\/wp\/v2\/types\/post"}],"author":[{"embeddable":true,"href":"https:\/\/www.sibuscascoche.com\/noticias\/wp-json\/wp\/v2\/users\/1"}],"replies":[{"embeddable":true,"href":"https:\/\/www.sibuscascoche.com\/noticias\/wp-json\/wp\/v2\/comments?post=2504"}],"version-history":[{"count":5,"href":"https:\/\/www.sibuscascoche.com\/noticias\/wp-json\/wp\/v2\/posts\/2504\/revisions"}],"predecessor-version":[{"id":2514,"href":"https:\/\/www.sibuscascoche.com\/noticias\/wp-json\/wp\/v2\/posts\/2504\/revisions\/2514"}],"wp:featuredmedia":[{"embeddable":true,"href":"https:\/\/www.sibuscascoche.com\/noticias\/wp-json\/wp\/v2\/media\/2506"}],"wp:attachment":[{"href":"https:\/\/www.sibuscascoche.com\/noticias\/wp-json\/wp\/v2\/media?parent=2504"}],"wp:term":[{"taxonomy":"category","embeddable":true,"href":"https:\/\/www.sibuscascoche.com\/noticias\/wp-json\/wp\/v2\/categories?post=2504"},{"taxonomy":"post_tag","embeddable":true,"href":"https:\/\/www.sibuscascoche.com\/noticias\/wp-json\/wp\/v2\/tags?post=2504"}],"curies":[{"name":"wp","href":"https:\/\/api.w.org\/{rel}","templated":true}]}}